{"id":155398,"date":"2025-06-06T02:09:20","date_gmt":"2025-06-06T02:09:20","guid":{"rendered":"https:\/\/www.europesays.com\/fr\/155398\/"},"modified":"2025-06-06T02:09:20","modified_gmt":"2025-06-06T02:09:20","slug":"cyclisme-tour-de-slovenie-fabio-christen-oliveira-ma-touche-et-empeche-de-sprinter","status":"publish","type":"post","link":"https:\/\/www.europesays.com\/fr\/155398\/","title":{"rendered":"Cyclisme. Tour de Slov\u00e9nie &#8211; Fabio Christen : \u00abOliveira m&rsquo;a touch\u00e9 et emp\u00each\u00e9 de sprinter&#8230;\u00bb"},"content":{"rendered":"<p>La 2e \u00e9tape du\u00a0<strong><a href=\"https:\/\/www.cyclismactu.net\/..\/news-cyclisme-route-tour-de-slovenie-rui-oliveira-declasse-fabio-christen-vainqueur-de-2e-etape-88221.html\" rel=\"nofollow noopener\" target=\"_blank\">Tour de Slov\u00e9nie<\/a>\u00a0<\/strong>ce jeudi a \u00e9t\u00e9 bien plus anim\u00e9e que le profil ne le laissait penser&#8230; et ce m\u00eame apr\u00e8s l&rsquo;arriv\u00e9e ! A l&rsquo;issue d&rsquo;une course tr\u00e8s disput\u00e9e qui a vu un groupe de sept costauds se d\u00e9tacher puis se jouer la gagne, une pol\u00e9mique est venue entacher le sprint final. En effet, si le Portugais\u00a0<strong>Rui Oliveira<\/strong>\u00a0(UAE Emirates-XRG) a lev\u00e9 les bras \u00e0\u00a0Roga\u0161ka Slatina devant\u00a0<strong>Fabio Christen<\/strong>\u00a0(Q36.5 Pro Cycling Team), c&rsquo;est le Suisse qui a ensuite \u00e9t\u00e9 d\u00e9clar\u00e9 vainqueur quelques minutes apr\u00e8s avoir franchi la ligne. Le jury des commissaires a d\u00e9cid\u00e9 de d\u00e9classer le Portugais pour sprint irr\u00e9gulier, ce dernier ayant l\u00e9g\u00e8rement d\u00e9vi\u00e9 de sa trajectoire et g\u00ean\u00e9 son rival au moment de le d\u00e9passer. Une d\u00e9cision qui para\u00eet s\u00e9v\u00e8re et fait d\u00e9bat, <strong><a href=\"https:\/\/www.cyclismactu.net\/..\/news-cyclisme-route-tour-de-slovenie-indigne-ivo-oliveira-defend-son-frere-rui-declasse-par-jury-88223.html\" target=\"_blank\" rel=\"nofollow noopener\">Ivo Oliveira<\/a><\/strong> exprimant par exemple son m\u00e9contentement pour d\u00e9fendre son fr\u00e8re, mais qui a sembl\u00e9 tout \u00e0 fait logique pour\u00a0<strong>Fabio Christen<\/strong>, qui est revenu sur ce fait de course dans le communiqu\u00e9 de son \u00e9quipe.<\/p>\n<p>Vid\u00e9o &#8211; Ivo Oliveira a d\u00e9fendu son fr\u00e8re Rui, d\u00e9class\u00e9 s\u00e9v\u00e8rement Lire la suite de l&rsquo;article&#13;<\/p>\n<p>\u00a0<\/p>\n<p>&#13;<br \/>\n\u00ab\u00a0Mon objectif principal, c&rsquo;est le Tour de Suisse\u00a0\u00bb<br \/>&#13;<\/p>\n<p>\u00ab\u00a0Nous \u00e9tions cinq coureurs au sein du premier peloton, et il n&rsquo;y avait pas beaucoup d&rsquo;\u00e9quipes avec un tel nombre, donc c&rsquo;\u00e9tait vraiment bien. Le plan \u00e9tait de sprinter avec Nicolo, mais Sjoerd (Bax) a attaqu\u00e9 juste avant la mont\u00e9e et j&rsquo;ai saut\u00e9 dans sa roue. J&rsquo;ai lanc\u00e9 mon sprint trop t\u00f4t car j&rsquo;\u00e9tais dans le vent. Dans le final, Oliveira m&rsquo;a touch\u00e9, ce qui m&rsquo;a emp\u00each\u00e9 de sprinter jusqu&rsquo;\u00e0 la ligne\u00a0\u00bb, explique le nouveau leader du classement g\u00e9n\u00e9ral et porteur du maillot vert.<\/p>\n<p>&#13;<\/p>\n<p>\u00ab\u00a0Le final\u00a0de demain (vendredi) me convient \u00e9galement. Mais nous verrons comment la course se d\u00e9roule. Chaque journ\u00e9e a \u00e9t\u00e9 surprenante jusqu&rsquo;\u00e0 pr\u00e9sent, alors nous verrons comment se d\u00e9roulera la journ\u00e9e. Mon\u00a0objectif de base \u00e9tait de viser une victoire d&rsquo;\u00e9tape, puis de me pr\u00e9parer pour mon objectif principal, le Tour de Suisse. La victoire d&rsquo;\u00e9tape, c&rsquo;est bon, et je vais maintenant essayer de voir ce qui est possible, mais la quatri\u00e8me \u00e9tape est vraiment difficile et je ne dois pas me tuer non plus\u00a0\u00bb, a-t-il conclu, prudent.<\/p>\n<p>Tour de Slovenie &#8211; Classement de la 2\u00e8 \u00e9tape Tour de Slovenie &#8211; Classement g\u00e9n\u00e9ral provisoire apr\u00e8s la 2\u00e8 \u00e9tape<\/p>\n","protected":false},"excerpt":{"rendered":"La 2e \u00e9tape du\u00a0Tour de Slov\u00e9nie\u00a0ce jeudi a \u00e9t\u00e9 bien plus anim\u00e9e que le profil ne le laissait&hellip;\n","protected":false},"author":2,"featured_media":155399,"comment_status":"","ping_status":"","sticky":false,"template":"","format":"standard","meta":{"footnotes":""},"categories":[1411],"tags":[1154,207,211,1011,27,209,60,210,27587,212,208,213],"class_list":{"0":"post-155398","1":"post","2":"type-post","3":"status-publish","4":"format-standard","5":"has-post-thumbnail","7":"category-cyclisme","8":"tag-cycling","9":"tag-cyclisme","10":"tag-ffc","11":"tag-fr","12":"tag-france","13":"tag-route","14":"tag-sports","15":"tag-tour-de-france","16":"tag-tour-de-slovenie","17":"tag-uci","18":"tag-velo","19":"tag-world-tour"},"share_on_mastodon":{"url":"https:\/\/pubeurope.com\/@fr\/114633989410768094","error":""},"_links":{"self":[{"href":"https:\/\/www.europesays.com\/fr\/wp-json\/wp\/v2\/posts\/155398","targetHints":{"allow":["GET"]}}],"collection":[{"href":"https:\/\/www.europesays.com\/fr\/wp-json\/wp\/v2\/posts"}],"about":[{"href":"https:\/\/www.europesays.com\/fr\/wp-json\/wp\/v2\/types\/post"}],"author":[{"embeddable":true,"href":"https:\/\/www.europesays.com\/fr\/wp-json\/wp\/v2\/users\/2"}],"replies":[{"embeddable":true,"href":"https:\/\/www.europesays.com\/fr\/wp-json\/wp\/v2\/comments?post=155398"}],"version-history":[{"count":0,"href":"https:\/\/www.europesays.com\/fr\/wp-json\/wp\/v2\/posts\/155398\/revisions"}],"wp:featuredmedia":[{"embeddable":true,"href":"https:\/\/www.europesays.com\/fr\/wp-json\/wp\/v2\/media\/155399"}],"wp:attachment":[{"href":"https:\/\/www.europesays.com\/fr\/wp-json\/wp\/v2\/media?parent=155398"}],"wp:term":[{"taxonomy":"category","embeddable":true,"href":"https:\/\/www.europesays.com\/fr\/wp-json\/wp\/v2\/categories?post=155398"},{"taxonomy":"post_tag","embeddable":true,"href":"https:\/\/www.europesays.com\/fr\/wp-json\/wp\/v2\/tags?post=155398"}],"curies":[{"name":"wp","href":"https:\/\/api.w.org\/{rel}","templated":true}]}}