{"id":155406,"date":"2025-06-06T02:14:21","date_gmt":"2025-06-06T02:14:21","guid":{"rendered":"https:\/\/www.europesays.com\/fr\/155406\/"},"modified":"2025-06-06T02:14:21","modified_gmt":"2025-06-06T02:14:21","slug":"la-serie-numero-2-de-netflix-est-elle-adaptee-dune-histoire-vraie","status":"publish","type":"post","link":"https:\/\/www.europesays.com\/fr\/155406\/","title":{"rendered":"La s\u00e9rie num\u00e9ro 2 de Netflix est-elle adapt\u00e9e d&rsquo;une histoire vraie ?"},"content":{"rendered":"<p>Sara, femme de l&rsquo;ombre cartonne en ce moment sur Netflix. La s\u00e9rie italienne est-elle inspir\u00e9e d&rsquo;une histoire. vraie ? Peut-\u00eatre vous \u00eates-vous pos\u00e9 la question si vous avez vu la s\u00e9rie&#8230;<\/p>\n<p>Il ne lui aura pas fallu longtemps pour s&rsquo;imposer parmi les s\u00e9ries les plus vues du moment sur <a href=\"https:\/\/www.programme-tv.net\/news\/series-tv\/301163-les-20-meilleures-series-netflix-a-voir-absolument\/\" data-api-deeplink=\"teleloisirs:\/\/news\/301163\" target=\"_blank\" rel=\"noopener\">Netflix, qui regorge de nouveaut\u00e9s \u00e0 voir en juin<\/a>. Sortie le mardi 3 juin, <a href=\"https:\/\/www.programme-tv.net\/news\/series-tv\/380232-sara-femme-de-l-ombre-netflix-c-est-quoi-cette-nouvelle-serie-qui-pourrait-bien-etre-votre-prochaine-addiction\/\" data-api-deeplink=\"teleloisirs:\/\/news\/380232\" target=\"_blank\" rel=\"noopener\">Sara, femme de l&rsquo;ombre<\/a> est d\u00e9j\u00e0 num\u00e9ro 2 du Top 10 de la plateforme de streaming. Dans cette s\u00e9rie, on suit Sara, une ancienne agente des services secrets qui sort de sa retraite afin de faire la lumi\u00e8re sur la mort de son fils. Elle se rapproche alors de son ancienne coll\u00e8gue Teresa et se retrouve finalement replong\u00e9e dans sa vie d&rsquo;avant contre son gr\u00e9. Celle qu&rsquo;on appelait \u00ab\u00a0la femme invisible\u00a0\u00bb resurgit pour d\u00e9couvrir des d\u00e9tails sur la vie de son fils dont elle ignorait presque tout. Elle doit \u00e9galement affronter de vieux fant\u00f4mes \u00e0 ses risques et p\u00e9rils afin de faire ce dans quoi elle excelle : restaurer la justice. La s\u00e9rie a fait mouche aupr\u00e8s des abonn\u00e9s Netflix qui partagent leur enthousiasme pour la s\u00e9rie sur les r\u00e9seaux sociaux. \u00ab\u00a0Je recommande ! Super s\u00e9rie, j&rsquo;adore\u00a0\u00bb, \u00e9crit l&rsquo;un d&rsquo;eux sur Facebook. \u00ab\u00a0Tr\u00e8s captivant\u00a0\u00bb, rench\u00e9rit un autre.<\/p>\n<p>                        Sara, femme de l&rsquo;ombre : la s\u00e9rie italienne de Netflix est adapt\u00e9e d&rsquo;un roman<\/p>\n<p>Certains se sont demand\u00e9 s&rsquo;il s&rsquo;agissait d&rsquo;une histoire vraie mais ce n&rsquo;est pas le cas. La s\u00e9rie est adapt\u00e9e d&rsquo;un roman de Maurizio de Giovanni : Le indagini di Sara (Les enqu\u00eates de Sara). L&rsquo;\u00e9crivain est consid\u00e9r\u00e9 comme une figure du polar napolitain, il est notamment connu pour une s\u00e9rie dans laquelle on suit le Commissaire Ricciardi ou encore Les Bastards de Pizzofalcone. Ici, la s\u00e9rie reprend Sara al tramonto, un livre sorti en avril 2018.<\/p>\n<p>Apr\u00e8s Sara, femme de l&rsquo;ombre, quelles autres s\u00e9ries regarder en ce moment sur Netflix ?<\/p>\n<p>Sara, femme de l&rsquo;ombre r\u00e9ussira-t-elle \u00e0 d\u00e9passer Les dossiers oubli\u00e9s ? La s\u00e9rie britannique est sortie quelques jours avant et fait l&rsquo;unanimit\u00e9 du c\u00f4t\u00e9 des abonn\u00e9s, dont certains estiment d&rsquo;ailleurs que c&rsquo;est <a href=\"https:\/\/www.programme-tv.net\/news\/series-tv\/380243-100-fois-mieux-que-harlan-coben-la-serie-numero-1-de-netflix-a-tenu-les-internautes-en-haleine\/\" data-api-deeplink=\"teleloisirs:\/\/news\/380243\" target=\"_blank\" rel=\"noopener\">\u00ab\u00a0100 fois mieux que Harlan Coben\u00a0\u00bb<\/a>. Globalement, les abonn\u00e9s semblent pl\u00e9bisciter les s\u00e9ries \u00e0 suspense puisqu&rsquo;on retrouve \u00e9galement la s\u00e9rie danoise Secrets We Keep dans le Top 10 Netflix, qui reste toutefois \u00e9clectique avec Ast\u00e9rix &amp; Ob\u00e9lix qui s&rsquo;accroche en 5e place ou encore l&rsquo;\u00e9mouvante <a href=\"https:\/\/www.programme-tv.net\/news\/series-tv\/379933-ginny-georgia-avec-sa-saison-3-la-serie-netflix-s-approche-de-la-perfection\/\" data-api-deeplink=\"teleloisirs:\/\/news\/379933\" target=\"_blank\" rel=\"noopener\">Ginny &amp; Georgia, dont la saison 3 atteint la perfection.<\/a><\/p>\n<p>Article \u00e9crit en collaboration avec 6Medias<\/p>\n","protected":false},"excerpt":{"rendered":"Sara, femme de l&rsquo;ombre cartonne en ce moment sur Netflix. La s\u00e9rie italienne est-elle inspir\u00e9e d&rsquo;une histoire. vraie&hellip;\n","protected":false},"author":2,"featured_media":155407,"comment_status":"","ping_status":"","sticky":false,"template":"","format":"standard","meta":{"footnotes":""},"categories":[1356],"tags":[244,58,59,1011,27,127,1722,28565,1721,129,252,1364],"class_list":{"0":"post-155406","1":"post","2":"type-post","3":"status-publish","4":"format-standard","5":"has-post-thumbnail","7":"category-television","8":"tag-commentaire","9":"tag-divertissement","10":"tag-entertainment","11":"tag-fr","12":"tag-france","13":"tag-netflix","14":"tag-pub-streaming-netflix","15":"tag-sara-femme-de-lombre","16":"tag-su00e9rie-netflix","17":"tag-svod","18":"tag-television","19":"tag-tv"},"share_on_mastodon":{"url":"https:\/\/pubeurope.com\/@fr\/114634009081961037","error":""},"_links":{"self":[{"href":"https:\/\/www.europesays.com\/fr\/wp-json\/wp\/v2\/posts\/155406","targetHints":{"allow":["GET"]}}],"collection":[{"href":"https:\/\/www.europesays.com\/fr\/wp-json\/wp\/v2\/posts"}],"about":[{"href":"https:\/\/www.europesays.com\/fr\/wp-json\/wp\/v2\/types\/post"}],"author":[{"embeddable":true,"href":"https:\/\/www.europesays.com\/fr\/wp-json\/wp\/v2\/users\/2"}],"replies":[{"embeddable":true,"href":"https:\/\/www.europesays.com\/fr\/wp-json\/wp\/v2\/comments?post=155406"}],"version-history":[{"count":0,"href":"https:\/\/www.europesays.com\/fr\/wp-json\/wp\/v2\/posts\/155406\/revisions"}],"wp:featuredmedia":[{"embeddable":true,"href":"https:\/\/www.europesays.com\/fr\/wp-json\/wp\/v2\/media\/155407"}],"wp:attachment":[{"href":"https:\/\/www.europesays.com\/fr\/wp-json\/wp\/v2\/media?parent=155406"}],"wp:term":[{"taxonomy":"category","embeddable":true,"href":"https:\/\/www.europesays.com\/fr\/wp-json\/wp\/v2\/categories?post=155406"},{"taxonomy":"post_tag","embeddable":true,"href":"https:\/\/www.europesays.com\/fr\/wp-json\/wp\/v2\/tags?post=155406"}],"curies":[{"name":"wp","href":"https:\/\/api.w.org\/{rel}","templated":true}]}}