{"id":155412,"date":"2025-06-06T02:17:13","date_gmt":"2025-06-06T02:17:13","guid":{"rendered":"https:\/\/www.europesays.com\/fr\/155412\/"},"modified":"2025-06-06T02:17:13","modified_gmt":"2025-06-06T02:17:13","slug":"dici-un-mois-et-demi-nous-allons-avoir-une-baisse-de-production","status":"publish","type":"post","link":"https:\/\/www.europesays.com\/fr\/155412\/","title":{"rendered":"\u00ab\u00a0D\u2019ici un mois et demi, nous allons avoir une baisse de production\u00a0\u00bb"},"content":{"rendered":"<p>\u00c9leveur laitier \u00e0 Griselles, Alain Terillon a \u00e9galement \u00e9t\u00e9 confront\u00e9 \u00e0 la fi\u00e8vre catarrhale ovine (FCO) de type 3. Il poss\u00e8de 80 vaches laiti\u00e8res de race brune et produit chaque ann\u00e9e 700\u00a0000 litres de lait destin\u00e9s \u00e0 <a href=\"https:\/\/www.produits-laitiers-aop.fr\/produits\/epoisses\/\" target=\"_blank\" rel=\"noopener\">l\u2019AOP \u00c9poisses<\/a> depuis le 1er \u00a0avril. Auparavant, son lait \u00e9tait vendu \u00e0 la coop\u00e9rative Eurial et transform\u00e9 en yaourts ou en cr\u00e8mes dessert. Les premiers cas positifs \u00e0 la FCO remontent \u00e0 septembre\u00a02024. Mais il va payer les cons\u00e9quences de ces contaminations toute l\u2019ann\u00e9e 2025.<\/p>\n<p>Il a remarqu\u00e9 que certaines de ses vaches avaient de la fi\u00e8vre fin septembre d\u00e9but octobre et que cela g\u00e9n\u00e8re une baisse de production. \u00ab\u00a0En octobre, nous avons eu 15\u00a0% de production en moins. Par ailleurs, nous avons beaucoup de mal \u00e0 rendre nos animaux gestants. Nous avons d\u00fb aller jusqu\u2019\u00e0 trois ou quatre ins\u00e9minations dans certains cas.\u00a0\u00bb Ce d\u00e9calage de gestation va engendrer du retard dans la production de lait. Habituellement, les veaux naissent en juin, juillet et ao\u00fbt. Cette&#8230;<\/p>\n","protected":false},"excerpt":{"rendered":"\u00c9leveur laitier \u00e0 Griselles, Alain Terillon a \u00e9galement \u00e9t\u00e9 confront\u00e9 \u00e0 la fi\u00e8vre catarrhale ovine (FCO) de type&hellip;\n","protected":false},"author":2,"featured_media":155413,"comment_status":"","ping_status":"","sticky":false,"template":"","format":"standard","meta":{"footnotes":""},"categories":[10],"tags":[327,28567,2931,33,11743,107,1011,27,28566,72,71],"class_list":{"0":"post-155412","1":"post","2":"type-post","3":"status-publish","4":"format-standard","5":"has-post-thumbnail","7":"category-sante","8":"tag-agriculture","9":"tag-chatillonnais","10":"tag-cote-dor","11":"tag-economie","12":"tag-edition-haute-cote-dor","13":"tag-fil-info","14":"tag-fr","15":"tag-france","16":"tag-griselles","17":"tag-health","18":"tag-sante"},"share_on_mastodon":{"url":"https:\/\/pubeurope.com\/@fr\/114634020859654307","error":""},"_links":{"self":[{"href":"https:\/\/www.europesays.com\/fr\/wp-json\/wp\/v2\/posts\/155412","targetHints":{"allow":["GET"]}}],"collection":[{"href":"https:\/\/www.europesays.com\/fr\/wp-json\/wp\/v2\/posts"}],"about":[{"href":"https:\/\/www.europesays.com\/fr\/wp-json\/wp\/v2\/types\/post"}],"author":[{"embeddable":true,"href":"https:\/\/www.europesays.com\/fr\/wp-json\/wp\/v2\/users\/2"}],"replies":[{"embeddable":true,"href":"https:\/\/www.europesays.com\/fr\/wp-json\/wp\/v2\/comments?post=155412"}],"version-history":[{"count":0,"href":"https:\/\/www.europesays.com\/fr\/wp-json\/wp\/v2\/posts\/155412\/revisions"}],"wp:featuredmedia":[{"embeddable":true,"href":"https:\/\/www.europesays.com\/fr\/wp-json\/wp\/v2\/media\/155413"}],"wp:attachment":[{"href":"https:\/\/www.europesays.com\/fr\/wp-json\/wp\/v2\/media?parent=155412"}],"wp:term":[{"taxonomy":"category","embeddable":true,"href":"https:\/\/www.europesays.com\/fr\/wp-json\/wp\/v2\/categories?post=155412"},{"taxonomy":"post_tag","embeddable":true,"href":"https:\/\/www.europesays.com\/fr\/wp-json\/wp\/v2\/tags?post=155412"}],"curies":[{"name":"wp","href":"https:\/\/api.w.org\/{rel}","templated":true}]}}