{"id":155414,"date":"2025-06-06T02:18:09","date_gmt":"2025-06-06T02:18:09","guid":{"rendered":"https:\/\/www.europesays.com\/fr\/155414\/"},"modified":"2025-06-06T02:18:09","modified_gmt":"2025-06-06T02:18:09","slug":"louzbekistan-se-qualifie-pour-la-premiere-coupe-du-monde-de-son-histoire-international-ouzbekistan","status":"publish","type":"post","link":"https:\/\/www.europesays.com\/fr\/155414\/","title":{"rendered":"L\u2019Ouzb\u00e9kistan se qualifie pour la premi\u00e8re Coupe du monde de son histoire &#8211; International &#8211; Ouzb\u00e9kistan"},"content":{"rendered":"<p>Une journ\u00e9e grav\u00e9e dans les livres d\u2019histoire.<\/p>\n<p>Les 48 billets pour la prochaine Coupe du monde en Am\u00e9rique du Nord continuent d\u2019\u00eatre distribu\u00e9s. Ce jeudi soir, c\u2019est <strong>l\u2019Ouzb\u00e9kistan qui s\u2019est qualifi\u00e9 pour le tournoi, une grande premi\u00e8re pour un pays ind\u00e9pendant depuis la chute de l\u2019URSS, en 1991<\/strong>. Les Loups blancs n\u2019avaient besoin que d\u2019un nul face aux \u00c9mirats arabes unis pour s\u2019offrir cet immense bonheur. <strong>Mission accomplie avec un score nul et vierge (0-0) obtenu par Abdukodir Khusanov, Eldor Shomurodov et leurs co\u00e9quipiers<\/strong>, malgr\u00e9 la domination des locaux \u00e0 Abou Dhabi.<\/p>\n<p>Dans ce groupe A du troisi\u00e8me tour de qualifications de la zone Asie, <strong>l\u2019Iran \u00e9tait d\u00e9j\u00e0 assur\u00e9 de faire le voyage jusqu\u2019aux \u00c9tats-Unis, au Mexique et au Canada dans un an<\/strong>. La deuxi\u00e8me place revient donc \u00e0 l\u2019Ouzb\u00e9kistan, qui conserve ses quatre points d\u2019avance sur son adversaire du jour, alors qu\u2019il ne reste plus qu\u2019une journ\u00e9e \u00e0 disputer. Une victoire pour un pays o\u00f9 le football prend une place grandissante, \u00e9galement permise par le passage \u00e0 48 \u00e9quipes et donc l\u2019augmentation du nombre de qualifi\u00e9s en Asie (huit ou neuf selon les barrages contre quatre ou cinq auparavant).<\/p>\n<p>Merci qui ? Merci Gianni.<\/p>\n<p>\t\t\t\t\t\t\t\t\t\t<a class=\"lien-connexe\" href=\"https:\/\/www.sofoot.com\/breves\/lequipe-de-france-espoirs-gagne-peniblement-contre-louzbekistan-en-amical-de-preparation-a-leuro-espoirs\" rel=\"nofollow noopener\" target=\"_blank\">Les Bleuets mettent du temps \u00e0 battre l\u2019Ouzb\u00e9kistan <\/a>\t\t\t\t\t<\/p>\n","protected":false},"excerpt":{"rendered":"Une journ\u00e9e grav\u00e9e dans les livres d\u2019histoire. Les 48 billets pour la prochaine Coupe du monde en Am\u00e9rique&hellip;\n","protected":false},"author":2,"featured_media":155415,"comment_status":"","ping_status":"","sticky":false,"template":"","format":"standard","meta":{"footnotes":""},"categories":[9],"tags":[47,61,69,65,64,63,1011,27,68,66,62,70,67,60],"class_list":{"0":"post-155414","1":"post","2":"type-post","3":"status-publish","4":"format-standard","5":"has-post-thumbnail","7":"category-sports","8":"tag-actualite","9":"tag-actus-football","10":"tag-bundesliga","11":"tag-championnats-europeens","12":"tag-equipe-de-france","13":"tag-football","14":"tag-fr","15":"tag-france","16":"tag-ligua","17":"tag-ligue-1","18":"tag-news-foot","19":"tag-premier-league","20":"tag-serie-a","21":"tag-sports"},"share_on_mastodon":{"url":"https:\/\/pubeurope.com\/@fr\/114634024954933012","error":""},"_links":{"self":[{"href":"https:\/\/www.europesays.com\/fr\/wp-json\/wp\/v2\/posts\/155414","targetHints":{"allow":["GET"]}}],"collection":[{"href":"https:\/\/www.europesays.com\/fr\/wp-json\/wp\/v2\/posts"}],"about":[{"href":"https:\/\/www.europesays.com\/fr\/wp-json\/wp\/v2\/types\/post"}],"author":[{"embeddable":true,"href":"https:\/\/www.europesays.com\/fr\/wp-json\/wp\/v2\/users\/2"}],"replies":[{"embeddable":true,"href":"https:\/\/www.europesays.com\/fr\/wp-json\/wp\/v2\/comments?post=155414"}],"version-history":[{"count":0,"href":"https:\/\/www.europesays.com\/fr\/wp-json\/wp\/v2\/posts\/155414\/revisions"}],"wp:featuredmedia":[{"embeddable":true,"href":"https:\/\/www.europesays.com\/fr\/wp-json\/wp\/v2\/media\/155415"}],"wp:attachment":[{"href":"https:\/\/www.europesays.com\/fr\/wp-json\/wp\/v2\/media?parent=155414"}],"wp:term":[{"taxonomy":"category","embeddable":true,"href":"https:\/\/www.europesays.com\/fr\/wp-json\/wp\/v2\/categories?post=155414"},{"taxonomy":"post_tag","embeddable":true,"href":"https:\/\/www.europesays.com\/fr\/wp-json\/wp\/v2\/tags?post=155414"}],"curies":[{"name":"wp","href":"https:\/\/api.w.org\/{rel}","templated":true}]}}