{"id":155422,"date":"2025-06-06T02:22:09","date_gmt":"2025-06-06T02:22:09","guid":{"rendered":"https:\/\/www.europesays.com\/fr\/155422\/"},"modified":"2025-06-06T02:22:09","modified_gmt":"2025-06-06T02:22:09","slug":"comment-les-europeens-se-sont-plies-aux-5-de-depenses-de-defense-exiges-par-trump-a-lotan","status":"publish","type":"post","link":"https:\/\/www.europesays.com\/fr\/155422\/","title":{"rendered":"Comment les Europ\u00e9ens se sont pli\u00e9s aux 5% de d\u00e9penses de d\u00e9fense exig\u00e9s par Trump \u00e0 l\u2019Otan"},"content":{"rendered":"<p><strong>R\u00c9CIT &#8211; <\/strong>Sous la pression am\u00e9ricaine, les alli\u00e9s transatlantiques devraient approuver un saut consid\u00e9rable de leurs d\u00e9penses militaires au sommet de La\u00a0Haye, dans trois semaines.<\/p>\n<p class=\"fig-paragraph\">Donald Trump pr\u00e9voit de se rendre au\u00a0<a href=\"http:\/\/www.lefigaro.fr\/international\/donald-trump-se-rendra-aux-pays-bas-fin-juin-au-sommet-de-l-otan-20250603\" target=\"_blank\" data-fig-type=\"NewsFlash\" rel=\"noopener\" data-gtm-custom-categorie=\"navigation\" data-gtm-custom-action=\"crossclick\" data-gtm-custom-label=\"Contextuel\" data-gtm-event=\"customEventSPE\" data-fig-domain=\"LEFIGARO\">sommet de l\u2019Otan \u00e0 La\u00a0Haye<\/a>, les 24 et 25\u00a0juin, a annonc\u00e9 sa porte-parole cette semaine. Dans le climat de d\u00e9fiance transatlantique ac\u00e9r\u00e9 depuis son retour \u00e0 la Maison-Blanche, cette simple note d\u2019agenda est per\u00e7ue comme une bonne nouvelle. Chacun veut \u00e9viter une redite du sommet de 2018, o\u00f9 Trump avait admonest\u00e9 un par un les alli\u00e9s des \u00c9tats-Unis pour leur manque d\u2019investissement et menac\u00e9 de quitter l\u2019Alliance.<\/p>\n<p class=\"fig-paragraph\">Le nouveau repr\u00e9sentant qu\u2019il a d\u00e9p\u00each\u00e9 au si\u00e8ge de l\u2019Otan, Matthew Whitaker, a jou\u00e9 de cette incertitude pour faire pression sur les Europ\u00e9ens\u00a0: pour convaincre le pr\u00e9sident am\u00e9ricain de faire le d\u00e9placement, ils doivent s\u2019engager \u00e0 respecter ses exigences. R\u00e9unis \u00e0 Bruxelles, jeudi, les ministres de la D\u00e9fense de l\u2019Otan ont accompli un premier pas important dans cette direction, trois semaines avant le rendez-vous \u00e0 haut risque aux Pays-Bas. Mais le diable se loge dans les d\u00e9tails, et tensions et doutes sur la\u00a0<a href=\"http:\/\/www.lefigaro.fr\/international\/aversion-pour-zelensky-hostilite-envers-l-ue-et-l-otan-le-grand-retournement-d-alliance-de-donald-trump-en-faveur-de-la-russie-20250224\" target=\"_blank\" data-fig-type=\"Article\" rel=\"noopener\" data-gtm-custom-categorie=\"navigation\" data-gtm-custom-action=\"crossclick\" data-gtm-custom-label=\"Contextuel\" data-gtm-event=\"customEventSPE\" data-fig-domain=\"LEFIGARO\">sinc\u00e9rit\u00e9 de l\u2019engagement\u2026<\/a><\/p>\n<p class=\"fig-premium-paywall__infos\">\n        Cet article est r\u00e9serv\u00e9 aux abonn\u00e9s.        Il vous reste 91% \u00e0 d\u00e9couvrir.\n    <\/p>\n<p>                <img  data- alt=\"Le Figaro\" class=\"fig-img--complete fig-img\"\/><\/p>\n<p class=\"fig-premium-paywall__title\">Vente Flash<\/p>\n<p class=\"fig-premium-paywall__subtitle\">3,99\u20ac par mois pendant 12 mois. Sans engagement.<\/p>\n<p class=\"fig-premium-paywall__connect\">\n                D\u00e9j\u00e0 abonn\u00e9\u00a0?                <a class=\"fig-premium-paywall__connect-link\" href=\"https:\/\/connect.lefigaro.fr\/login?client=horizon_web&amp;type=main&amp;redirect_uri=https%3A%2F%2Fwww.lefigaro.fr%2Finternational%2Fcomment-les-europeens-se-sont-plies-aux-5-de-depenses-de-defense-exiges-par-trump-a-l-otan-20250605\" data-js-gtm=\"{&quot;customCategorie&quot;: &quot;conversion&quot;, &quot;customAction&quot;: &quot;before_Landing_Connexion_paywall_auto&quot;, &quot;customLabel&quot;: &quot;bGVmaWdhcm8uZnJfXzFmMDQxZTYwLWJmZjQtNmVkMi1iOTQ2LTI1ZGM4YWEyY2MyMF9fQXJ0aWNsZQ==_Comment les Europ\u00e9ens se sont pli\u00e9s aux 5% de d\u00e9penses de d\u00e9fense exig\u00e9s par Trump \u00e0 l\u2019Otan_547&quot;, &quot;customIDSPE&quot;: &quot;bGVmaWdhcm8uZnJfXzFmMDQxZTYwLWJmZjQtNmVkMi1iOTQ2LTI1ZGM4YWEyY2MyMF9fQXJ0aWNsZQ==&quot;, &quot;event&quot;: &quot;customEventSPE&quot;}\" target=\"_blank\" rel=\"noopener\"><br \/>\n                    Connectez-vous<br \/>\n                <\/a>\n            <\/p>\n","protected":false},"excerpt":{"rendered":"R\u00c9CIT &#8211; Sous la pression am\u00e9ricaine, les alli\u00e9s transatlantiques devraient approuver un saut consid\u00e9rable de leurs d\u00e9penses militaires&hellip;\n","protected":false},"author":2,"featured_media":155423,"comment_status":"","ping_status":"","sticky":false,"template":"","format":"standard","meta":{"footnotes":""},"categories":[5],"tags":[259,11,260,771,75,1011,27,14,261,12,136,262,28],"class_list":{"0":"post-155422","1":"post","2":"type-post","3":"status-publish","4":"format-standard","5":"has-post-thumbnail","7":"category-international","8":"tag-actualite-internationale","9":"tag-actualites","10":"tag-affaires-etrangeres","11":"tag-defense-europeenne","12":"tag-donald-trump","13":"tag-fr","14":"tag-france","15":"tag-international","16":"tag-ministere-des-affaires-etrangeres","17":"tag-news","18":"tag-otan","19":"tag-politique-etrangere","20":"tag-world"},"share_on_mastodon":{"url":"https:\/\/pubeurope.com\/@fr\/114634040550841564","error":""},"_links":{"self":[{"href":"https:\/\/www.europesays.com\/fr\/wp-json\/wp\/v2\/posts\/155422","targetHints":{"allow":["GET"]}}],"collection":[{"href":"https:\/\/www.europesays.com\/fr\/wp-json\/wp\/v2\/posts"}],"about":[{"href":"https:\/\/www.europesays.com\/fr\/wp-json\/wp\/v2\/types\/post"}],"author":[{"embeddable":true,"href":"https:\/\/www.europesays.com\/fr\/wp-json\/wp\/v2\/users\/2"}],"replies":[{"embeddable":true,"href":"https:\/\/www.europesays.com\/fr\/wp-json\/wp\/v2\/comments?post=155422"}],"version-history":[{"count":0,"href":"https:\/\/www.europesays.com\/fr\/wp-json\/wp\/v2\/posts\/155422\/revisions"}],"wp:featuredmedia":[{"embeddable":true,"href":"https:\/\/www.europesays.com\/fr\/wp-json\/wp\/v2\/media\/155423"}],"wp:attachment":[{"href":"https:\/\/www.europesays.com\/fr\/wp-json\/wp\/v2\/media?parent=155422"}],"wp:term":[{"taxonomy":"category","embeddable":true,"href":"https:\/\/www.europesays.com\/fr\/wp-json\/wp\/v2\/categories?post=155422"},{"taxonomy":"post_tag","embeddable":true,"href":"https:\/\/www.europesays.com\/fr\/wp-json\/wp\/v2\/tags?post=155422"}],"curies":[{"name":"wp","href":"https:\/\/api.w.org\/{rel}","templated":true}]}}