{"id":155424,"date":"2025-06-06T02:23:13","date_gmt":"2025-06-06T02:23:13","guid":{"rendered":"https:\/\/www.europesays.com\/fr\/155424\/"},"modified":"2025-06-06T02:23:13","modified_gmt":"2025-06-06T02:23:13","slug":"un-eleveur-bovin-cree-une-zone-de-vaches-a-defendre-contre-labattage-preventif-de-son-troupeau","status":"publish","type":"post","link":"https:\/\/www.europesays.com\/fr\/155424\/","title":{"rendered":"un \u00e9leveur bovin cr\u00e9e une zone de \u00abvaches \u00e0 d\u00e9fendre\u00bb contre l\u2019abattage pr\u00e9ventif de son troupeau"},"content":{"rendered":"<p>L\u2019\u00e9leveur bovin a d\u00e9j\u00e0 perdu la moiti\u00e9 de son troupeau en novembre dernier apr\u00e8s la d\u00e9tection de tuberculose bovine chez certains sp\u00e9cimens.<\/p>\n<p class=\"fig-paragraph\">Apr\u00e8s la \u00abZAD\u00bb, ou \u00abzone \u00e0 d\u00e9fendre\u00bb, voici la \u00abVAD\u00bb pour \u00abvaches \u00e0 d\u00e9fendre\u00bb. \u00c0 Eyzerac, pr\u00e8s de P\u00e9rigueux (Dordogne), un \u00e9leveur fait de la r\u00e9sistance et refuse l\u2019abattage pr\u00e9ventif de ses vaches apr\u00e8s<a href=\"https:\/\/video.lefigaro.fr\/figaro\/video\/gironde-une-eleveuse-doit-abattre-200-vaches-bovines-pour-cause-de-tuberculose\/\" target=\"_blank\" data-fig-type=\"Video\" rel=\"noopener\" data-gtm-custom-categorie=\"navigation\" data-gtm-custom-action=\"crossclick\" data-gtm-custom-label=\"Contextuel\" data-gtm-event=\"customEventSPE\" data-fig-domain=\"VIDEO\">\u00a0plusieurs cas de tuberculose<\/a>\u00a0bovine recens\u00e9s dans son troupeau. Depuis dimanche dernier, une vingtaine de personnes se relaient sur un campement de fortune install\u00e9 sur son exploitation pour emp\u00eacher les forces de l\u2019ordre d\u2019emmener les 26 vaches \u00e0 l\u2019abattoir.<\/p>\n<p class=\"fig-paragraph\">La moiti\u00e9 de son troupeau avait d\u00e9j\u00e0 \u00e9t\u00e9 abattue en novembre dernier apr\u00e8s la d\u00e9tection de cette maladie contagieuse et transmissible aux autres animaux ainsi qu\u2019\u00e0 l\u2019homme. Depuis,\u00a0<a href=\"https:\/\/www.lefigaro.fr\/bordeaux\/en-gironde-le-cri-de-desespoir-d-une-jeune-eleveuse-face-a-la-tuberculose-bovine-20240522?msockid=1f5ab7783a426ee5250da2873b336f6a\" target=\"_blank\" data-fig-type=\"NewsFlash\" rel=\"noopener\" data-gtm-custom-categorie=\"navigation\" data-gtm-custom-action=\"crossclick\" data-gtm-custom-label=\"Contextuel\" data-gtm-event=\"customEventSPE\" data-fig-domain=\"LEFIGARO\">l\u2019\u00e9leveur refuse d\u2019abattre<\/a>\u00a0le reste de ses b\u00eates sachant que toutes ne sont pas contamin\u00e9es et demande de nouvelles analyses. D\u2019apr\u00e8s Ici P\u00e9rigord, les services de la pr\u00e9fecture, accompagn\u00e9s des gendarmes, s\u2019\u00e9taient d\u00e9j\u00e0 rendus sur l\u2019exploitation pour saisir les vaches le 23 mai dernier, sans succ\u00e8s.<\/p>\n<p class=\"fig-paragraph\">C\u2019est ainsi que 25 gendarmes, des b\u00e9taill\u00e8res, un drone et les services v\u00e9t\u00e9rinaires ont d\u00e9barqu\u00e9 chez l\u2019\u00e9leveur r\u00e9calcitrant t\u00f4t ce jeudi matin. Les forces de l\u2019ordre ont boucl\u00e9 l\u2019acc\u00e8s \u00e0 l\u2019exploitation de 22 hectares et ont install\u00e9 un p\u00e9rim\u00e8tre de s\u00e9curit\u00e9 autour de la propri\u00e9t\u00e9. Malgr\u00e9 la pr\u00e9sence des occupants de la \u00abVAD\u00bb, une premi\u00e8re partie des vaches ont \u00e9t\u00e9 saisies sans affrontements. D\u00e9sormais l\u2019\u00e9leveur et ses soutiens n\u2019esp\u00e8rent plus que retarder l\u2019abattage des b\u00eates restantes en continuant \u00e0 occuper la zone.<\/p>\n","protected":false},"excerpt":{"rendered":"L\u2019\u00e9leveur bovin a d\u00e9j\u00e0 perdu la moiti\u00e9 de son troupeau en novembre dernier apr\u00e8s la d\u00e9tection de tuberculose&hellip;\n","protected":false},"author":2,"featured_media":155425,"comment_status":"","ping_status":"","sticky":false,"template":"","format":"standard","meta":{"footnotes":""},"categories":[4],"tags":[47,1058,1054,1059,1060,1055,11,14817,1057,118,1011,27,1061,303,12,1062,25,656,104,1056,4322,809],"class_list":{"0":"post-155424","1":"post","2":"type-post","3":"status-publish","4":"format-standard","5":"has-post-thumbnail","7":"category-france","8":"tag-actualite","9":"tag-actualite-education","10":"tag-actualite-france","11":"tag-actualite-justice","12":"tag-actualite-securite","13":"tag-actualite-societe","14":"tag-actualites","15":"tag-dordogne","16":"tag-education","17":"tag-faits-divers","18":"tag-fr","19":"tag-france","20":"tag-immigration","21":"tag-justice","22":"tag-news","23":"tag-polemique","24":"tag-republique-francaise","25":"tag-securite","26":"tag-societe","27":"tag-societe-francaise","28":"tag-vache","29":"tag-violence"},"share_on_mastodon":{"url":"https:\/\/pubeurope.com\/@fr\/114634044454153947","error":""},"_links":{"self":[{"href":"https:\/\/www.europesays.com\/fr\/wp-json\/wp\/v2\/posts\/155424","targetHints":{"allow":["GET"]}}],"collection":[{"href":"https:\/\/www.europesays.com\/fr\/wp-json\/wp\/v2\/posts"}],"about":[{"href":"https:\/\/www.europesays.com\/fr\/wp-json\/wp\/v2\/types\/post"}],"author":[{"embeddable":true,"href":"https:\/\/www.europesays.com\/fr\/wp-json\/wp\/v2\/users\/2"}],"replies":[{"embeddable":true,"href":"https:\/\/www.europesays.com\/fr\/wp-json\/wp\/v2\/comments?post=155424"}],"version-history":[{"count":0,"href":"https:\/\/www.europesays.com\/fr\/wp-json\/wp\/v2\/posts\/155424\/revisions"}],"wp:featuredmedia":[{"embeddable":true,"href":"https:\/\/www.europesays.com\/fr\/wp-json\/wp\/v2\/media\/155425"}],"wp:attachment":[{"href":"https:\/\/www.europesays.com\/fr\/wp-json\/wp\/v2\/media?parent=155424"}],"wp:term":[{"taxonomy":"category","embeddable":true,"href":"https:\/\/www.europesays.com\/fr\/wp-json\/wp\/v2\/categories?post=155424"},{"taxonomy":"post_tag","embeddable":true,"href":"https:\/\/www.europesays.com\/fr\/wp-json\/wp\/v2\/tags?post=155424"}],"curies":[{"name":"wp","href":"https:\/\/api.w.org\/{rel}","templated":true}]}}