{"id":155428,"date":"2025-06-06T02:25:30","date_gmt":"2025-06-06T02:25:30","guid":{"rendered":"https:\/\/www.europesays.com\/fr\/155428\/"},"modified":"2025-06-06T02:25:30","modified_gmt":"2025-06-06T02:25:30","slug":"un-dealer-et-trois-acheteurs-interpelles-au-soleil","status":"publish","type":"post","link":"https:\/\/www.europesays.com\/fr\/155428\/","title":{"rendered":"un dealer et trois acheteurs interpell\u00e9s au Soleil"},"content":{"rendered":"<p>Un de plus. De nouveau, mercredi 4\u00a0juin, comme leurs autorit\u00e9s les y engagent depuis des mois, les policiers st\u00e9phanois ont fait tomber un point de deal.<\/p>\n<p>Cette fois, c\u2019est dans le quartier du Soleil, \u00e0 Saint-Etienne, que leur investissement a pay\u00e9.<\/p>\n<p>En milieu d\u2019apr\u00e8s-midi, la Brigade sp\u00e9cialis\u00e9e de terrain, la Section d\u2019intervention et la Brigade anticriminalit\u00e9 \u00e9taient en place sur un secteur, o\u00f9 le groupe d\u2019appui judiciaire m\u00e8ne des investigations depuis plusieurs mois, quand ils ont \u00e9tabli, aux all\u00e9es et venues des acheteurs, la r\u00e9alit\u00e9 d\u2019un trafic. Ce qui leur a permis de passer aux interpellations.<\/p>\n<p>  Des consommateurs \u00e2g\u00e9s d\u2019une trentaine d\u2019ann\u00e9es<\/p>\n<p>Les fonctionnaires ont appr\u00e9hend\u00e9 un dealer, \u00e2g\u00e9 de 20 ans. Au moment de son arrestation, il \u00e9tait en possession d\u2019une cl\u00e9 de cave, dans laquelle les policiers ont trouv\u00e9 400\u00a0grammes de r\u00e9sine et 400\u00a0grammes d\u2019herbe de cannabis, ainsi qu\u2019une trentaine de grammes d\u2019h\u00e9ro\u00efne.<\/p>\n<p>\u00c0 l\u2019issue de sa garde \u00e0 vue, le mis en cause devait \u00eatre pr\u00e9sent\u00e9 devant un magistrat du parquet de Saint-Etienne dans la journ\u00e9e, ce jeudi.<\/p>\n<p>\u00c9galement interpell\u00e9s, trois consommateurs, \u00e2g\u00e9s de 28, 31 et 33 ans, seront convoqu\u00e9s par la justice pour une ordonnance p\u00e9nale.<\/p>\n","protected":false},"excerpt":{"rendered":"Un de plus. De nouveau, mercredi 4\u00a0juin, comme leurs autorit\u00e9s les y engagent depuis des mois, les policiers&hellip;\n","protected":false},"author":2,"featured_media":155429,"comment_status":"","ping_status":"","sticky":false,"template":"","format":"standard","meta":{"footnotes":""},"categories":[9653],"tags":[1111,11,2430,271,272,7539,1777,674,274,107,1011,27,3367,12,25,4001,7538],"class_list":{"0":"post-155428","1":"post","2":"type-post","3":"status-publish","4":"format-standard","5":"has-post-thumbnail","7":"category-saint-etienne","8":"tag-actu","9":"tag-actualites","10":"tag-auvergne-rhone-alpes","11":"tag-crime","12":"tag-delit-et-contravention","13":"tag-edition-loire-sud","14":"tag-eu","15":"tag-europe","16":"tag-faits-divers-justice","17":"tag-fil-info","18":"tag-fr","19":"tag-france","20":"tag-loire","21":"tag-news","22":"tag-republique-francaise","23":"tag-saint-etienne","24":"tag-saint-etienne-ville"},"share_on_mastodon":{"url":"https:\/\/pubeurope.com\/@fr\/114634052278012178","error":""},"_links":{"self":[{"href":"https:\/\/www.europesays.com\/fr\/wp-json\/wp\/v2\/posts\/155428","targetHints":{"allow":["GET"]}}],"collection":[{"href":"https:\/\/www.europesays.com\/fr\/wp-json\/wp\/v2\/posts"}],"about":[{"href":"https:\/\/www.europesays.com\/fr\/wp-json\/wp\/v2\/types\/post"}],"author":[{"embeddable":true,"href":"https:\/\/www.europesays.com\/fr\/wp-json\/wp\/v2\/users\/2"}],"replies":[{"embeddable":true,"href":"https:\/\/www.europesays.com\/fr\/wp-json\/wp\/v2\/comments?post=155428"}],"version-history":[{"count":0,"href":"https:\/\/www.europesays.com\/fr\/wp-json\/wp\/v2\/posts\/155428\/revisions"}],"wp:featuredmedia":[{"embeddable":true,"href":"https:\/\/www.europesays.com\/fr\/wp-json\/wp\/v2\/media\/155429"}],"wp:attachment":[{"href":"https:\/\/www.europesays.com\/fr\/wp-json\/wp\/v2\/media?parent=155428"}],"wp:term":[{"taxonomy":"category","embeddable":true,"href":"https:\/\/www.europesays.com\/fr\/wp-json\/wp\/v2\/categories?post=155428"},{"taxonomy":"post_tag","embeddable":true,"href":"https:\/\/www.europesays.com\/fr\/wp-json\/wp\/v2\/tags?post=155428"}],"curies":[{"name":"wp","href":"https:\/\/api.w.org\/{rel}","templated":true}]}}