{"id":155440,"date":"2025-06-06T02:32:10","date_gmt":"2025-06-06T02:32:10","guid":{"rendered":"https:\/\/www.europesays.com\/fr\/155440\/"},"modified":"2025-06-06T02:32:10","modified_gmt":"2025-06-06T02:32:10","slug":"mercato-le-montpellier-hsc-dessine-les-contours-de-sa-defense-avec-un-joueur-du-psg","status":"publish","type":"post","link":"https:\/\/www.europesays.com\/fr\/155440\/","title":{"rendered":"Mercato &#8211; Le Montpellier HSC dessine les contours de sa d\u00e9fense&#8230; avec un joueur du PSG ?"},"content":{"rendered":"<p style=\"text-align: justify;\">Pour construire sa saison 2025-2026 en <strong>Ligue 2<\/strong>, le <strong>Montpellier<\/strong> HSC commence par les fondations et les bases de sa d\u00e9fense ! En effet, apr\u00e8s avoir officialis\u00e9 l\u2019arriv\u00e9e de Julien Laporte (Lorient), le club h\u00e9raultais essayerait de boucler deux nouvelles signatures dans les jours qui viennent pour pouvoir assurer la protection de ses cages.<\/p>\n<p style=\"text-align: justify;\">\u00c0 lire aussi &gt;&gt;\u00a0<a href=\"https:\/\/maligue2.fr\/2025\/06\/05\/ligue-2-christopher-jullien-toujours-au-montpellier-hsc-en-2025-2026\/\" rel=\"nofollow noopener\" target=\"_blank\">Ligue 2 \u2013 Christopher Jullien toujours au Montpellier HSC en 2025-2026 ?<\/a><\/p>\n<p style=\"text-align: justify;\">Selon L\u2019\u00c9quipe, qui s\u2019informe aupr\u00e8s d\u2019une source parisienne, le jeune d\u00e9fenseur central <strong>Naoufel El Hannach<\/strong> devrait \u00eatre pr\u00eat\u00e9 cette saison en Ligue 2 par le <strong>Paris SG,<\/strong> au sein du club montpelli\u00e9rain ! Zoumana Camara doit d\u00e9j\u00e0 avoir un avis sur le joueur r\u00e9cemment pass\u00e9 professionnel, pour l\u2019avoir c\u00f4toy\u00e9 lors de ses ann\u00e9es \u00e0 la formation dans la capitale, et penser qu\u2019il serait une bonne addition \u00e0 une tr\u00e8s probable charni\u00e8re titulaire Laporte-Jullien qui semble se dessiner.<\/p>\n<p style=\"text-align: justify;\">Source : <a href=\"https:\/\/www.lequipe.fr\/Football\/Actualites\/Naoufel-el-hannach-psg-proche-de-montpellier\/1567928\" rel=\"nofollow noopener\" target=\"_blank\">lequipe.fr<\/a><\/p>\n<p style=\"text-align: justify;\">Photo Kevin Domas\/Icon Sport<\/p>\n","protected":false},"excerpt":{"rendered":"Pour construire sa saison 2025-2026 en Ligue 2, le Montpellier HSC commence par les fondations et les bases&hellip;\n","protected":false},"author":2,"featured_media":155441,"comment_status":"","ping_status":"","sticky":false,"template":"","format":"standard","meta":{"footnotes":""},"categories":[9599],"tags":[1111,11,1777,674,1011,27,2208,28568,12,2680,91,25],"class_list":{"0":"post-155440","1":"post","2":"type-post","3":"status-publish","4":"format-standard","5":"has-post-thumbnail","7":"category-montpellier","8":"tag-actu","9":"tag-actualites","10":"tag-eu","11":"tag-europe","12":"tag-fr","13":"tag-france","14":"tag-montpellier","15":"tag-naoufel-el-hannach","16":"tag-news","17":"tag-occitanie","18":"tag-paris-saint-germain","19":"tag-republique-francaise"},"share_on_mastodon":{"url":"https:\/\/pubeurope.com\/@fr\/114634079805127343","error":""},"_links":{"self":[{"href":"https:\/\/www.europesays.com\/fr\/wp-json\/wp\/v2\/posts\/155440","targetHints":{"allow":["GET"]}}],"collection":[{"href":"https:\/\/www.europesays.com\/fr\/wp-json\/wp\/v2\/posts"}],"about":[{"href":"https:\/\/www.europesays.com\/fr\/wp-json\/wp\/v2\/types\/post"}],"author":[{"embeddable":true,"href":"https:\/\/www.europesays.com\/fr\/wp-json\/wp\/v2\/users\/2"}],"replies":[{"embeddable":true,"href":"https:\/\/www.europesays.com\/fr\/wp-json\/wp\/v2\/comments?post=155440"}],"version-history":[{"count":0,"href":"https:\/\/www.europesays.com\/fr\/wp-json\/wp\/v2\/posts\/155440\/revisions"}],"wp:featuredmedia":[{"embeddable":true,"href":"https:\/\/www.europesays.com\/fr\/wp-json\/wp\/v2\/media\/155441"}],"wp:attachment":[{"href":"https:\/\/www.europesays.com\/fr\/wp-json\/wp\/v2\/media?parent=155440"}],"wp:term":[{"taxonomy":"category","embeddable":true,"href":"https:\/\/www.europesays.com\/fr\/wp-json\/wp\/v2\/categories?post=155440"},{"taxonomy":"post_tag","embeddable":true,"href":"https:\/\/www.europesays.com\/fr\/wp-json\/wp\/v2\/tags?post=155440"}],"curies":[{"name":"wp","href":"https:\/\/api.w.org\/{rel}","templated":true}]}}