{"id":155460,"date":"2025-06-06T02:48:13","date_gmt":"2025-06-06T02:48:13","guid":{"rendered":"https:\/\/www.europesays.com\/fr\/155460\/"},"modified":"2025-06-06T02:48:13","modified_gmt":"2025-06-06T02:48:13","slug":"girondins-ces-2-attaquants-incontournables-pour-bordeaux-selon-djino-forte","status":"publish","type":"post","link":"https:\/\/www.europesays.com\/fr\/155460\/","title":{"rendered":"Girondins : Ces 2 attaquants incontournables pour Bordeaux, selon Djino Fort\u00e9"},"content":{"rendered":"<p><img decoding=\"async\" src=\"https:\/\/www.europesays.com\/fr\/wp-content\/uploads\/2025\/06\/671_dca9f46186fecb6239346df7ad7c47ca.jpg\" alt=\"Girondins : Ces 2 attaquants incontournables pour Bordeaux, selon Djino Fort\u00e9\" class=\"img-responsive mt-3\"\/><\/p>\n<p class=\"text-center mb-3\" style=\"font-size: 14px\">\u00a9 Iconsport<\/p>\n<p style=\"text-align: justify;\">\u00c9coutez ses propos ou lisez-les :<\/p>\n<p>\u00a0<\/p>\n<p><strong>Yanis Merdji : \u201cC&rsquo;est un joueur qui a \u00e9t\u00e9 sous-utilis\u00e9 en attaque\u201d<\/strong><\/p>\n<p style=\"text-align: justify;\">Djino Fort\u00e9 dans le <a href=\"https:\/\/www.youtube.com\/watch?v=yvIFAVXtylQ\" target=\"_blank\" rel=\"noopener\">Talk sur WebGirondins<\/a> : \u201cDans un premier temps, je garde Yanis Merdji (contrat jusqu\u2019en 2026). Je pense qu&rsquo;on doit l&rsquo;avoir une saison de plus. C&rsquo;est un joueur qui a \u00e9t\u00e9 sous-utilis\u00e9 en attaque et qui aurait d\u00fb bien mieux faire que cette premi\u00e8re saison, m\u00eame s&rsquo;il a marqu\u00e9 des buts (12 buts en 32 matchs).\u201d<\/p>\n<p><strong>Soufiane Bahassa : \u201cJ&rsquo;aimerais qu&rsquo;il aide au-del\u00e0 du sportif\u201d<\/strong><\/p>\n<p style=\"text-align: justify;\">\u201cLe joueur que je prolonge c\u2019est Soufiane Bahassa (fin de contrat). Pour des raisons sportives, mais aussi pour son r\u00f4le dans le groupe. N\u2019oublions pas qu&rsquo;il a une blessure et qu\u2019on ne sait pas comment il va revenir. J&rsquo;aimerais qu&rsquo;il soit notamment proche du groupe et qu&rsquo;il aide en dehors du terrain, au-del\u00e0 du sportif. Je pense que ce serait un acte fort de l&rsquo;investir dans ce projet. Et si on \u00e9tait un club qui tournait bien, on ne ferait pas juste un tweet sur les r\u00e9seaux sociaux pour dire qu&rsquo;on va le prolonger et derri\u00e8re attendre\u2026 Un club coh\u00e9rent agit de la bonne mani\u00e8re.\u201d<\/p>\n<p><strong>Andy Carroll : \u201cJe m\u2019orienterai sur d&rsquo;autres profils avec des salaires bien moins \u00e9lev\u00e9s\u201d<\/strong><\/p>\n<p style=\"text-align: justify;\">\u201cContinuer avec Andy Carroll me para\u00eet tr\u00e8s probl\u00e9matique financi\u00e8rement (contrat jusqu\u2019en 2027 avec un salaire de 13 000 \u20ac mensuels la saison prochaine). Surtout sur une deuxi\u00e8me saison o\u00f9 il va prendre de l&rsquo;\u00e2ge. Est-ce qu&rsquo;il va g\u00e9rer le fait de devoir \u00eatre beaucoup plus pr\u00e9sent sur le terrain ? Parce qu\u2019il a \u00e9t\u00e9 \u00e9norm\u00e9ment absent cette saison. Dans une gestion d&rsquo;effectif, je m\u2019orienterai sur d&rsquo;autres profils que Carroll avec des salaires bien moins \u00e9lev\u00e9s.\u201d<\/p>\n<p><strong>Travis Mutyaba et Amadou Diallo : \u201cOn ne peut pas continuer avec eux\u00a0\u00bb<\/strong><\/p>\n<p style=\"text-align: justify;\">\u201cLe reste, j&rsquo;ai du mal parce que je trouve qu&rsquo;ils ont fait une saison horrible. Les arriv\u00e9es de Travis Mutyaba et Amadou Diallo (les deux ont un contrat jusqu\u2019en 2027) sont totalement hors contexte par rapport \u00e0 ce championnat. Irl\u00e8s en a parl\u00e9, ils ont eu des difficult\u00e9s chroniques qu&rsquo;ils n&rsquo;ont pas su inverser au fil de l&rsquo;ann\u00e9e. Je ne vois pas comment on peut continuer avec eux \u00e0 moins d\u2019un changement radical.\u201d<\/p>\n<p>&gt;&gt; <strong><a href=\"https:\/\/www.webgirondins.com\/actualite-girondins-mercato-les-girondins-de-bordeaux-veulent-rompre-plusieurs-contrats-de-joueurs-129307\" target=\"_blank\" rel=\"noopener\">Mercato : Les Girondins de Bordeaux veulent rompre plusieurs contrats de joueurs<\/a><\/strong><\/p>\n","protected":false},"excerpt":{"rendered":"\u00a9 Iconsport \u00c9coutez ses propos ou lisez-les : \u00a0 Yanis Merdji : \u201cC&rsquo;est un joueur qui a \u00e9t\u00e9&hellip;\n","protected":false},"author":2,"featured_media":155461,"comment_status":"","ping_status":"","sticky":false,"template":"","format":"standard","meta":{"footnotes":""},"categories":[2817],"tags":[1111,11,3683,28569,1997,1993,9238,17179,22190,1777,674,9212,1011,27,1987,28570,28571,3289,1434,12,2219,471,15651,12880,25,7932,3242,15298],"class_list":{"0":"post-155460","1":"post","2":"type-post","3":"status-publish","4":"format-standard","5":"has-post-thumbnail","7":"category-bordeaux","8":"tag-actu","9":"tag-actualites","10":"tag-alors","11":"tag-attaquants","12":"tag-bordeaux","13":"tag-comme","14":"tag-considere","15":"tag-djino","16":"tag-estival","17":"tag-eu","18":"tag-europe","19":"tag-forte","20":"tag-fr","21":"tag-france","22":"tag-girondins","23":"tag-incontournables","24":"tag-indispensables","25":"tag-leur","26":"tag-mercato","27":"tag-news","28":"tag-nouvelle-aquitaine","29":"tag-pour","30":"tag-preparent","31":"tag-prochaine","32":"tag-republique-francaise","33":"tag-revele","34":"tag-saison","35":"tag-selon"},"share_on_mastodon":{"url":"https:\/\/pubeurope.com\/@fr\/114634142952875580","error":""},"_links":{"self":[{"href":"https:\/\/www.europesays.com\/fr\/wp-json\/wp\/v2\/posts\/155460","targetHints":{"allow":["GET"]}}],"collection":[{"href":"https:\/\/www.europesays.com\/fr\/wp-json\/wp\/v2\/posts"}],"about":[{"href":"https:\/\/www.europesays.com\/fr\/wp-json\/wp\/v2\/types\/post"}],"author":[{"embeddable":true,"href":"https:\/\/www.europesays.com\/fr\/wp-json\/wp\/v2\/users\/2"}],"replies":[{"embeddable":true,"href":"https:\/\/www.europesays.com\/fr\/wp-json\/wp\/v2\/comments?post=155460"}],"version-history":[{"count":0,"href":"https:\/\/www.europesays.com\/fr\/wp-json\/wp\/v2\/posts\/155460\/revisions"}],"wp:featuredmedia":[{"embeddable":true,"href":"https:\/\/www.europesays.com\/fr\/wp-json\/wp\/v2\/media\/155461"}],"wp:attachment":[{"href":"https:\/\/www.europesays.com\/fr\/wp-json\/wp\/v2\/media?parent=155460"}],"wp:term":[{"taxonomy":"category","embeddable":true,"href":"https:\/\/www.europesays.com\/fr\/wp-json\/wp\/v2\/categories?post=155460"},{"taxonomy":"post_tag","embeddable":true,"href":"https:\/\/www.europesays.com\/fr\/wp-json\/wp\/v2\/tags?post=155460"}],"curies":[{"name":"wp","href":"https:\/\/api.w.org\/{rel}","templated":true}]}}