{"id":155466,"date":"2025-06-06T02:51:10","date_gmt":"2025-06-06T02:51:10","guid":{"rendered":"https:\/\/www.europesays.com\/fr\/155466\/"},"modified":"2025-06-06T02:51:10","modified_gmt":"2025-06-06T02:51:10","slug":"le-salon-solidart-aura-lieu-du-vendredi-13-au-dimanche-15-juin-2025","status":"publish","type":"post","link":"https:\/\/www.europesays.com\/fr\/155466\/","title":{"rendered":"Le salon Solid\u2019Art aura lieu du vendredi 13 au dimanche 15 juin 2025"},"content":{"rendered":"<p style=\"text-align: justify;\">Le<strong> salon solidaire d\u2019art contemporain<\/strong> du <strong>Secours Populaire Fran\u00e7ais,<\/strong> <strong>Solid\u2019Art <\/strong>est de retour du <strong>13 au 15 juin 2025.<\/strong> <strong>Solid\u2019Art<\/strong> se tiendra dans <strong>l\u2019H\u00f4tel de Ville de Lille<\/strong> (2 500 m\u00b2 d\u2019exposition). <strong>L\u2019entr\u00e9e du salon est gratuite. <\/strong><\/p>\n<p style=\"text-align: justify;\">Pendant <strong>3 jours, 120 artistes<\/strong> pr\u00e9senteront leurs \u0153uvres : <strong>peinture, photographie, gravure, s\u00e9rigraphie, street-art, sculpture,\u2026<\/strong> <strong>il y en aura pour tous les go\u00fbts et tous les budgets.<\/strong><\/p>\n<p style=\"text-align: justify;\">Le Parrain 2025<br \/>Apr\u00e8s <strong>Jef A\u00e9rosol, Herv\u00e9 Di Rosa, JonOne, Demaiter et Sandrot,<\/strong> c\u2019est l\u2019<strong>artiste anglais<\/strong> <strong>Luke Newton <\/strong>qui est le<strong> parrain de l\u2019\u00e9dition 2025. <\/strong><strong>Luke Newton<\/strong> signe<strong> l\u2019affiche du salon<\/strong> avec <strong>une \u0153uvre embl\u00e9matique : un c\u0153ur stylis\u00e9. <\/strong>Par son <strong>design captivant,<\/strong> ce <strong>motif symbolise \u00e0 la fois la g\u00e9n\u00e9rosit\u00e9<\/strong> et <strong>l\u2019\u00e9lan cr\u00e9atif <\/strong>qui <strong>animent cet \u00e9v\u00e9nement.<\/strong><\/p>\n<p style=\"text-align: justify;\"><strong>Une \u0153uvre achet\u00e9e, c\u2019est un enfant qui part en VACANCES<\/strong><br \/>La <strong>somme collect\u00e9e<\/strong> <strong>sur le salon<\/strong> sera <strong>convertie en \u00ab journ\u00e9es vacances \u00bb offertes aux enfants des familles<\/strong> <strong>accompagn\u00e9es par l\u2019association <\/strong>dans le <strong>d\u00e9partement.<\/strong> Les <strong>Oubli\u00e9s des vacances : <\/strong>depuis<strong> 1975, <\/strong>le<strong> Secours Populaire<\/strong> organise, pour tous ces <strong>enfants priv\u00e9s de vacances,<\/strong> <strong>partout en France, une journ\u00e9e au bord de la mer,<\/strong> \u00e0 la <strong>montagne,<\/strong> dans<strong> un parc d\u2019attraction.<\/strong><\/p>\n<p><a href=\"https:\/\/www.europesays.com\/fr\/wp-content\/uploads\/2025\/06\/solid_art_2022_04.jpeg\" target=\"_blank\" rel=\"noopener\"><img loading=\"lazy\" decoding=\"async\" width=\"750\" height=\"801\" class=\"wp-image-63504\" style=\"width: 375px; height: 401px;\" src=\"https:\/\/www.europesays.com\/fr\/wp-content\/uploads\/2025\/06\/solid_art_2022_04.jpeg\" alt=\"\"  \/><\/a><\/p>\n<p>Infos pratiques<br \/><strong><img loading=\"lazy\" decoding=\"async\" data-lazy-src=\"https:\/\/www.europesays.com\/fr\/wp-content\/uploads\/2025\/04\/1744100656_185_arrow.png\" width=\"9\" height=\"9\" class=\"wp-image-45 lazyloaded tie-appear\" src=\"https:\/\/www.europesays.com\/fr\/wp-content\/uploads\/2025\/04\/1744100656_185_arrow.png\" alt=\"\"\/> H\u00f4tel de Ville de Lille<\/strong><br \/><strong><img loading=\"lazy\" decoding=\"async\" data-lazy-src=\"https:\/\/www.europesays.com\/fr\/wp-content\/uploads\/2025\/04\/1744100656_185_arrow.png\" width=\"9\" height=\"9\" class=\"wp-image-45 lazyloaded tie-appear\" src=\"https:\/\/www.europesays.com\/fr\/wp-content\/uploads\/2025\/04\/1744100656_185_arrow.png\" alt=\"\"\/> Entr\u00e9e gratuite<\/strong><br \/><img decoding=\"async\" loading=\"lazy\" width=\"9\" height=\"9\" class=\"size-full wp-image-45 tie-appear\" src=\"https:\/\/www.europesays.com\/fr\/wp-content\/uploads\/2025\/04\/1744100656_185_arrow.png\" alt=\"\"\/> <a href=\"https:\/\/solidart.fr\/\" target=\"_blank\" rel=\"noopener noreferrer\">Site internet de Solid\u2019Art<\/a><\/p>\n<p class=\"has-text-align-right\">Source \/ image : DR \u2013 \u00a9 Secours Populaire du Nord<\/p>\n","protected":false},"excerpt":{"rendered":"Le salon solidaire d\u2019art contemporain du Secours Populaire Fran\u00e7ais, Solid\u2019Art est de retour du 13 au 15 juin&hellip;\n","protected":false},"author":2,"featured_media":155467,"comment_status":"","ping_status":"","sticky":false,"template":"","format":"standard","meta":{"footnotes":""},"categories":[2815],"tags":[1111,11,1777,674,1011,27,811,28572,1307,12,1585,2745,25,28573,3899,28574,28575,28576,7189],"class_list":{"0":"post-155466","1":"post","2":"type-post","3":"status-publish","4":"format-standard","5":"has-post-thumbnail","7":"category-lille","8":"tag-actu","9":"tag-actualites","10":"tag-eu","11":"tag-europe","12":"tag-fr","13":"tag-france","14":"tag-hauts-de-france","15":"tag-hotel-de-ville-de-lille","16":"tag-lille","17":"tag-news","18":"tag-peinture","19":"tag-photo","20":"tag-republique-francaise","21":"tag-salon-solidaire-dart-contemporain","22":"tag-sculpture","23":"tag-secours-populaire-francais","24":"tag-secours-populaire-nord","25":"tag-solidart","26":"tag-street-art"},"share_on_mastodon":{"url":"https:\/\/pubeurope.com\/@fr\/114634154642407135","error":""},"_links":{"self":[{"href":"https:\/\/www.europesays.com\/fr\/wp-json\/wp\/v2\/posts\/155466","targetHints":{"allow":["GET"]}}],"collection":[{"href":"https:\/\/www.europesays.com\/fr\/wp-json\/wp\/v2\/posts"}],"about":[{"href":"https:\/\/www.europesays.com\/fr\/wp-json\/wp\/v2\/types\/post"}],"author":[{"embeddable":true,"href":"https:\/\/www.europesays.com\/fr\/wp-json\/wp\/v2\/users\/2"}],"replies":[{"embeddable":true,"href":"https:\/\/www.europesays.com\/fr\/wp-json\/wp\/v2\/comments?post=155466"}],"version-history":[{"count":0,"href":"https:\/\/www.europesays.com\/fr\/wp-json\/wp\/v2\/posts\/155466\/revisions"}],"wp:featuredmedia":[{"embeddable":true,"href":"https:\/\/www.europesays.com\/fr\/wp-json\/wp\/v2\/media\/155467"}],"wp:attachment":[{"href":"https:\/\/www.europesays.com\/fr\/wp-json\/wp\/v2\/media?parent=155466"}],"wp:term":[{"taxonomy":"category","embeddable":true,"href":"https:\/\/www.europesays.com\/fr\/wp-json\/wp\/v2\/categories?post=155466"},{"taxonomy":"post_tag","embeddable":true,"href":"https:\/\/www.europesays.com\/fr\/wp-json\/wp\/v2\/tags?post=155466"}],"curies":[{"name":"wp","href":"https:\/\/api.w.org\/{rel}","templated":true}]}}