{"id":155470,"date":"2025-06-06T02:53:13","date_gmt":"2025-06-06T02:53:13","guid":{"rendered":"https:\/\/www.europesays.com\/fr\/155470\/"},"modified":"2025-06-06T02:53:13","modified_gmt":"2025-06-06T02:53:13","slug":"la-creatrice-agnes-b-annoncee-comme-marraine-de-la-slow-fashion-week-a-marseille","status":"publish","type":"post","link":"https:\/\/www.europesays.com\/fr\/155470\/","title":{"rendered":"La cr\u00e9atrice Agn\u00e8s b. annonc\u00e9e comme marraine de la Slow Fashion Week \u00e0 Marseille"},"content":{"rendered":"<p>Tout \u00e9v\u00e9nement important se doit d&rsquo;avoir un parrain ou une marraine \u00e0 la hauteur. Pour la toute premi\u00e8re \u00e9dition de la Slow Fashion Week \u00e0 Marseille, c&rsquo;est <a href=\"https:\/\/www.laprovence.com\/article\/societe\/1244643854336715\/la-creatrice-de-mode-agnes-b-lance-son-exposition-photos-a-marseille-jadore-le-cote-hedoniste-de-cette-ville\" target=\"_blank\" rel=\"noopener\">la styliste Agn\u00e8s b.<\/a> qui assurera ce r\u00f4le.\u00a0<\/p>\n<p>Le collectif Baga, \u00e0 l&rsquo;initiative de <a href=\"https:\/\/www.laprovence.com\/article\/region\/1301569446823314\/mode-quest-ce-que-la-slow-fashion-week-qui-se-tiendra-a-marseille-au-mois-de-juin\" target=\"_blank\" rel=\"noopener\">cet \u00e9v\u00e9nement unique<\/a> qui s&rsquo;annonce incontournable pour les amateurs de mode engag\u00e9e, cr\u00e9ative et locale vient tout juste d&rsquo;annoncer la nouvelle sur son compte Instagram : \u00ab\u00a0@baga.collectif est fier d&rsquo;annoncer la cr\u00e9atrice @agnesb_officiel comme marraine de cette toute premi\u00e8re \u00e9dition de la @slowfashionweekmarseille qui aura lieu du 7 au 14 juin prochain. Agn\u00e8s b. incarne une mode libre, engag\u00e9e et durable. Son parcours inspire une g\u00e9n\u00e9ration de cr\u00e9ateurs et de citoyens en qu\u00eate d&rsquo;une mode plus saine. Nos valeurs communes &#8211; respect du vivant, cr\u00e9ation responsable et ind\u00e9pendance &#8211; font d&rsquo;elle la marraine id\u00e9ale de la Slow Fashion Week.\u00a0\u00bb<\/p>\n<p>Une figure pionni\u00e8re de la mode durable<\/p>\n<p>Depuis ses d\u00e9buts, Agn\u00e8s b. incarne une approche de la mode o\u00f9 l&rsquo;intemporel prime sur le jetable. Pr\u00e9curseure de la fabrication fran\u00e7aise, fid\u00e8le \u00e0 ses convictions \u00e9cologiques, la cr\u00e9atrice d\u00e9fend depuis longtemps une vision humaniste et responsable de la cr\u00e9ation textile. \u00ab\u00a0\u00c7a faisait sens d&rsquo;avoir Agn\u00e8s b. comme marraine, elle est selon nous la meilleure ambassadrice de la mode \u00e9co-responsable en France\u00a0\u00bb, nous confie le collectif Baga \u00e0 deux jours de l&rsquo;\u00e9v\u00e9nement.\u00a0<\/p>\n<p>Un vernissage et un workshop chez Agn\u00e8s b. \u00e0 Marseille<\/p>\n<p>Durant cette semaine de la mode \u00e9colo et \u00e9thique, la boutique Agn\u00e8s b. sur le cours Estienne d&rsquo;Orves \u00e0 Marseille proposera un vernissage et un workshop avec Atelier Regain, le studio d&rsquo;upcycling textile de Frip&rsquo;insertion, l&rsquo;association marseillaise membre du mouvement Emma\u00fcs.<\/p>\n","protected":false},"excerpt":{"rendered":"Tout \u00e9v\u00e9nement important se doit d&rsquo;avoir un parrain ou une marraine \u00e0 la hauteur. Pour la toute premi\u00e8re&hellip;\n","protected":false},"author":2,"featured_media":155471,"comment_status":"","ping_status":"","sticky":false,"template":"","format":"standard","meta":{"footnotes":""},"categories":[2814],"tags":[17,1111,11,14612,20306,1993,20078,251,1777,674,15683,1011,27,28577,884,12,882,25,21547],"class_list":{"0":"post-155470","1":"post","2":"type-post","3":"status-publish","4":"format-standard","5":"has-post-thumbnail","7":"category-marseille","8":"tag-17","9":"tag-actu","10":"tag-actualites","11":"tag-agnes","12":"tag-annoncee","13":"tag-comme","14":"tag-creatrice","15":"tag-culture","16":"tag-eu","17":"tag-europe","18":"tag-fashion","19":"tag-fr","20":"tag-france","21":"tag-marraine","22":"tag-marseille","23":"tag-news","24":"tag-provence-alpes-cote-dazur","25":"tag-republique-francaise","26":"tag-slow"},"share_on_mastodon":{"url":"https:\/\/pubeurope.com\/@fr\/114634162500325798","error":""},"_links":{"self":[{"href":"https:\/\/www.europesays.com\/fr\/wp-json\/wp\/v2\/posts\/155470","targetHints":{"allow":["GET"]}}],"collection":[{"href":"https:\/\/www.europesays.com\/fr\/wp-json\/wp\/v2\/posts"}],"about":[{"href":"https:\/\/www.europesays.com\/fr\/wp-json\/wp\/v2\/types\/post"}],"author":[{"embeddable":true,"href":"https:\/\/www.europesays.com\/fr\/wp-json\/wp\/v2\/users\/2"}],"replies":[{"embeddable":true,"href":"https:\/\/www.europesays.com\/fr\/wp-json\/wp\/v2\/comments?post=155470"}],"version-history":[{"count":0,"href":"https:\/\/www.europesays.com\/fr\/wp-json\/wp\/v2\/posts\/155470\/revisions"}],"wp:featuredmedia":[{"embeddable":true,"href":"https:\/\/www.europesays.com\/fr\/wp-json\/wp\/v2\/media\/155471"}],"wp:attachment":[{"href":"https:\/\/www.europesays.com\/fr\/wp-json\/wp\/v2\/media?parent=155470"}],"wp:term":[{"taxonomy":"category","embeddable":true,"href":"https:\/\/www.europesays.com\/fr\/wp-json\/wp\/v2\/categories?post=155470"},{"taxonomy":"post_tag","embeddable":true,"href":"https:\/\/www.europesays.com\/fr\/wp-json\/wp\/v2\/tags?post=155470"}],"curies":[{"name":"wp","href":"https:\/\/api.w.org\/{rel}","templated":true}]}}