{"id":155504,"date":"2025-06-06T03:10:10","date_gmt":"2025-06-06T03:10:10","guid":{"rendered":"https:\/\/www.europesays.com\/fr\/155504\/"},"modified":"2025-06-06T03:10:10","modified_gmt":"2025-06-06T03:10:10","slug":"une-defense-catastrophique-un-milieu-atone-et-une-attaque-caricaturale","status":"publish","type":"post","link":"https:\/\/www.europesays.com\/fr\/155504\/","title":{"rendered":"une d\u00e9fense catastrophique, un milieu atone et une attaque caricaturale"},"content":{"rendered":"<p>Sauv\u00e9s du d\u00e9sastre par leur banc, les Tricolores ont logiquement \u00e9t\u00e9 battus par l\u2019Espagne jeudi, en demi-finale de Ligue des nations. Les notes de notre envoy\u00e9 sp\u00e9cial.<\/p>\n<p class=\"fig-paragraph\">L\u2019heure de la revanche pour les Bleus\u00a0? De la confirmation plut\u00f4t. Comme l\u2019\u00e9t\u00e9 dernier \u00e0 l\u2019Euro 2024,\u00a0<a href=\"http:\/\/www.lefigaro.fr\/sports\/football\/ligue-des-nations\/ligue-des-nations-domptes-par-yamal-et-l-espagne-au-terme-d-un-match-fou-les-bleus-disent-adieu-a-la-finale-20250605\" data-fig-type=\"NewsFlash\" data-gtm-custom-categorie=\"navigation\" data-gtm-custom-action=\"crossclick\" data-gtm-custom-label=\"Contextuel\" data-gtm-event=\"customEventSPE\" data-fig-domain=\"LEFIGARO\" target=\"_blank\" rel=\"noopener\">l\u2019Espagne a dompt\u00e9 la France (4-5)<\/a>\u00a0ce jeudi, \u00e0 Stuttgart, en demi-finales de Ligue des nations. Les champions d\u2019Europe affronteront le Portugal dimanche, \u00e0 Munich, pour le gain du titre. Les joueurs de Deschamps, eux, d\u00e9fieront l\u2019Allemagne pour la troisi\u00e8me place.<\/p>\n<p class=\"fig-paragraph\"><strong>Mike Maignan (2)\u00a0:\u00a0<\/strong>laiss\u00e9 \u00e0 l\u2019abandon par une d\u00e9fense catastrophique, il a fait ce qu\u2019il a pu, sans toutefois se montrer d\u00e9cisif. Il ne couvre pas assez l\u2019angle sur le 2-0 de Merino par exemple et n\u2019a pas \u00e9t\u00e9 le rempart habituel.<\/p>\n<p class=\"fig-paragraph\"><strong>Pierre Kalulu (2)\u00a0:\u00a0<\/strong>pr\u00e9f\u00e9r\u00e9 \u00e0 Gusto sur le c\u00f4t\u00e9 droit, il a d\u2019abord \u00e9t\u00e9 s\u00e9rieux et appliqu\u00e9 dans ses relances, avant de conna\u00eetre de grands moments de solitude face \u00e0 la vitesse de Williams. Pris comme un bizuth sur le 1-0, il n\u2019a jamais r\u00e9ussi \u00e0 retrouver de la s\u00e9r\u00e9nit\u00e9. Remplac\u00e9 par <strong>Malo Gusto<\/strong> <strong>(63e, non not\u00e9)<\/strong>, bien plus vif (84e) et auteur d\u2019un centre contr\u00e9 par Vivian pour le 5-3)<\/p>\n<p class=\"fig-paragraph\"><strong>Ibrahima\u2026<\/strong><\/p>\n<p class=\"fig-premium-paywall__infos\">\n        Cet article est r\u00e9serv\u00e9 aux abonn\u00e9s.        Il vous reste 71% \u00e0 d\u00e9couvrir.\n    <\/p>\n<p>                <img  data- alt=\"Le Figaro\" class=\"fig-img--complete fig-img\"\/><\/p>\n<p class=\"fig-premium-paywall__title\">Vente Flash<\/p>\n<p class=\"fig-premium-paywall__subtitle\">3,99\u20ac par mois pendant 12 mois. Sans engagement.<\/p>\n<p class=\"fig-premium-paywall__connect\">\n                D\u00e9j\u00e0 abonn\u00e9\u00a0?                <a class=\"fig-premium-paywall__connect-link\" href=\"https:\/\/connect.lefigaro.fr\/login?client=horizon_web&amp;type=main&amp;redirect_uri=https%3A%2F%2Fwww.lefigaro.fr%2Fsports%2Ffootball%2Fligue-des-nations%2Fles-notes-des-bleus-contre-l-espagne-une-defense-catastrophique-un-milieu-atone-et-une-attaque-caricaturale-20250605\" data-js-gtm=\"{&quot;customCategorie&quot;: &quot;conversion&quot;, &quot;customAction&quot;: &quot;before_Landing_Connexion_paywall_auto&quot;, &quot;customLabel&quot;: &quot;bGVmaWdhcm8uZnJfXzFmMDQyNDdiLWQxZDEtNmM1Ni1hMTQ2LTlmZTA1YmU5ZTZkYV9fTmV3c0ZsYXNo_Les notes des Bleus contre l\u2019Espagne\u00a0: une d\u00e9fense catastrophique, un milieu atone et une attaque caricaturale_4&quot;, &quot;customIDSPE&quot;: &quot;bGVmaWdhcm8uZnJfXzFmMDQyNDdiLWQxZDEtNmM1Ni1hMTQ2LTlmZTA1YmU5ZTZkYV9fTmV3c0ZsYXNo&quot;, &quot;event&quot;: &quot;customEventSPE&quot;}\" target=\"_blank\" rel=\"noopener\"><br \/>\n                    Connectez-vous<br \/>\n                <\/a>\n            <\/p>\n","protected":false},"excerpt":{"rendered":"Sauv\u00e9s du d\u00e9sastre par leur banc, les Tricolores ont logiquement \u00e9t\u00e9 battus par l\u2019Espagne jeudi, en demi-finale de&hellip;\n","protected":false},"author":2,"featured_media":155505,"comment_status":"","ping_status":"","sticky":false,"template":"","format":"standard","meta":{"footnotes":""},"categories":[2],"tags":[11,672,828,525,8976,1640,6713,123,1011,27,6477,3022,23733,955,23734,12,2782,6996,25,1980,455],"class_list":{"0":"post-155504","1":"post","2":"type-post","3":"status-publish","4":"format-standard","5":"has-post-thumbnail","7":"category-actualites","8":"tag-actualites","9":"tag-allemagne","10":"tag-belgique","11":"tag-calendrier","12":"tag-classements","13":"tag-desire-doue","14":"tag-equipe-de-france-de-football","15":"tag-espagne","16":"tag-fr","17":"tag-france","18":"tag-kylian-mbappe","19":"tag-ligue","20":"tag-ligue-des-nations","21":"tag-match","22":"tag-match-en-direct","23":"tag-news","24":"tag-ousmane-dembele","25":"tag-portugal","26":"tag-republique-francaise","27":"tag-resultats","28":"tag-uefa"},"share_on_mastodon":{"url":"https:\/\/pubeurope.com\/@fr\/114634229302596970","error":""},"_links":{"self":[{"href":"https:\/\/www.europesays.com\/fr\/wp-json\/wp\/v2\/posts\/155504","targetHints":{"allow":["GET"]}}],"collection":[{"href":"https:\/\/www.europesays.com\/fr\/wp-json\/wp\/v2\/posts"}],"about":[{"href":"https:\/\/www.europesays.com\/fr\/wp-json\/wp\/v2\/types\/post"}],"author":[{"embeddable":true,"href":"https:\/\/www.europesays.com\/fr\/wp-json\/wp\/v2\/users\/2"}],"replies":[{"embeddable":true,"href":"https:\/\/www.europesays.com\/fr\/wp-json\/wp\/v2\/comments?post=155504"}],"version-history":[{"count":0,"href":"https:\/\/www.europesays.com\/fr\/wp-json\/wp\/v2\/posts\/155504\/revisions"}],"wp:featuredmedia":[{"embeddable":true,"href":"https:\/\/www.europesays.com\/fr\/wp-json\/wp\/v2\/media\/155505"}],"wp:attachment":[{"href":"https:\/\/www.europesays.com\/fr\/wp-json\/wp\/v2\/media?parent=155504"}],"wp:term":[{"taxonomy":"category","embeddable":true,"href":"https:\/\/www.europesays.com\/fr\/wp-json\/wp\/v2\/categories?post=155504"},{"taxonomy":"post_tag","embeddable":true,"href":"https:\/\/www.europesays.com\/fr\/wp-json\/wp\/v2\/tags?post=155504"}],"curies":[{"name":"wp","href":"https:\/\/api.w.org\/{rel}","templated":true}]}}