{"id":155514,"date":"2025-06-06T03:16:10","date_gmt":"2025-06-06T03:16:10","guid":{"rendered":"https:\/\/www.europesays.com\/fr\/155514\/"},"modified":"2025-06-06T03:16:10","modified_gmt":"2025-06-06T03:16:10","slug":"je-suis-ultradecue-lois-boisson-reagit-a-sa-defaite-en-demi-finale-de-roland-garros","status":"publish","type":"post","link":"https:\/\/www.europesays.com\/fr\/155514\/","title":{"rendered":"\u00ab\u00a0Je suis ultrad\u00e9\u00e7ue\u00a0\u00bb : Lo\u00efs Boisson r\u00e9agit \u00e0 sa d\u00e9faite en demi-finale de Roland-Garros"},"content":{"rendered":"<ul class=\"jsx-862013697 ArticleChapo__List\">\n<li class=\"jsx-862013697 ArticleChapo__List_Item flex\">La r\u00e9v\u00e9lation fran\u00e7aise de Roland-Garros Lo\u00efs Boisson a \u00e9t\u00e9 s\u00e8chement battue jeudi en demi-finales par la N.2 mondiale Coco Gauff.<\/li>\n<li class=\"jsx-862013697 ArticleChapo__List_Item flex\">\u00ab\u00a0Je voulais aller plus loin que cette demi-finale\u00a0\u00bb, a admis la jeune femme de 22 ans en conf\u00e9rence de presse, apr\u00e8s la rencontre.<\/li>\n<\/ul>\n<p data-module=\"article-paragraph\" class=\"jsx-3046738180 Paragraph\">Elle a fait vibrer les Fran\u00e7ais. Lo\u00efs Boisson, <a href=\"https:\/\/www.tf1info.fr\/sport\/roland-garros-2025-lois-boisson-file-en-quart-de-finale-apres-son-exploit-contre-l-americaine-pegula-2374524.html\" target=\"_blank\" rel=\"noopener\">tombeuse de deux membres du top 10 aux tours pr\u00e9c\u00e9dents \u00e0 Roland-Garros<\/a>, a \u00e9t\u00e9 <a href=\"https:\/\/www.tf1info.fr\/sport\/direct-tennis-roland-garros-2025-demi-finale-feminine-lois-boisson-affronte-coco-gauff-pour-une-place-en-finale-jeudi-5-juin-2025-2375143.html\" target=\"_blank\" rel=\"noopener\">s\u00e8chement battue<\/a> jeudi 5 juin en demi-finales par la N.2 mondiale Coco Gauff. \u00ab\u00a0Forc\u00e9ment, aujourd&rsquo;hui, je suis ultrad\u00e9\u00e7ue, je voulais aller plus loin que cette demi-finale\u00a0\u00bb, a-t-elle regrett\u00e9 en conf\u00e9rence de presse. Contre Gauff, \u00ab\u00a0c&rsquo;\u00e9tait tout simplement trop dur pour moi\u00a0\u00bb, a-t-elle avanc\u00e9, avant de se f\u00e9liciter d&rsquo;une quinzaine \u00ab\u00a0tr\u00e8s positive\u00a0\u00bb par ailleurs.\u00a0<\/p>\n<p data-module=\"article-paragraph\" class=\"jsx-3046738180 Paragraph Paragraph__End\">En atteignant les demi-finales porte d&rsquo;Auteuil, \u00ab\u00a0elle a clairement d\u00e9montr\u00e9 qu&rsquo;elle \u00e9tait une des meilleures joueuses au monde sur terre battue. Je suis s\u00fbre qu&rsquo;on se livrera d&rsquo;autres batailles\u00a0\u00bb dans les prochaines ann\u00e9es, a pressenti Gauff juste apr\u00e8s sa victoire.<\/p>\n<p><a href=\"https:\/\/www.tf1info.fr\/sport\/video-les-images-de-lois-boisson-sur-le-court-a-l-age-de-seulement-6-ans-dijon-asptt-tennis-roland-garros-2375130.html\" rel=\"noopener\" class=\"jsx-3308031228 Link flex\" target=\"_blank\"><img decoding=\"async\" src=\"https:\/\/www.europesays.com\/fr\/wp-content\/uploads\/2025\/06\/lois-boisson-6-ans-dijon-05-06-25-530754-0@1x.jpeg\" alt=\"Capture LCI \/ images amateur\" loading=\"lazy\" importance=\"low\" fetchpriority=\"low\" class=\"\"\/><\/p>\n<p class=\"jsx-3657663356 ReadMoreArticle__Title\">Lire aussi<\/p>\n<p class=\"jsx-3657663356\">VID\u00c9O &#8211; \u00ab\u00a0Elle \u00e9tait au taquet\u00a0\u00bb : regardez les images de Lo\u00efs Boisson sur le court \u00e0 l&rsquo;\u00e2ge de seulement 6 ans<\/p>\n<p><\/a><\/p>\n<p data-module=\"article-paragraph\" class=\"jsx-3046738180 Paragraph\">Sur le court Philippe-Chatrier, la premi\u00e8re Fran\u00e7aise depuis 2011 \u00e0 s&rsquo;\u00eatre hiss\u00e9e dans le dernier carr\u00e9 du Grand Chelem parisien sur terre battue s&rsquo;est inclin\u00e9e 6-1, 6-2 contre l&rsquo;Am\u00e9ricaine, qui affrontera la N.1 mondiale Aryna Sabalenka en finale.\u00a0<\/p>\n<p data-module=\"article-paragraph\" class=\"jsx-3046738180 Paragraph Paragraph__End\">Tombeuse de la N.3 mondiale Jessica Pegula en huiti\u00e8mes de finale puis de la jeune Russe Mirra Andreeva (6e \u00e0 18 ans) en quarts, la Dijonnaise de 22 ans n&rsquo;aura pas r\u00e9ussi \u00e0 surprendre une troisi\u00e8me membre du top 10 d&rsquo;affil\u00e9e mais est assur\u00e9e de devenir la premi\u00e8re Fran\u00e7aise au classement WTA en d\u00e9but de semaine prochaine, aux alentours de la 70e place.<\/p>\n<p>La r\u00e9daction de TF1info  avec AFP<\/p>\n","protected":false},"excerpt":{"rendered":"La r\u00e9v\u00e9lation fran\u00e7aise de Roland-Garros Lo\u00efs Boisson a \u00e9t\u00e9 s\u00e8chement battue jeudi en demi-finales par la N.2 mondiale&hellip;\n","protected":false},"author":2,"featured_media":155515,"comment_status":"","ping_status":"","sticky":false,"template":"","format":"standard","meta":{"footnotes":""},"categories":[1415],"tags":[1111,11,1921,1011,27,1922,28579,10535,4171,60,1467,133,4712],"class_list":{"0":"post-155514","1":"post","2":"type-post","3":"status-publish","4":"format-standard","5":"has-post-thumbnail","7":"category-tennis","8":"tag-actu","9":"tag-actualites","10":"tag-article-video","11":"tag-fr","12":"tag-france","13":"tag-info","14":"tag-la-francaise-qui-fait-sensation-a-roland-garros","15":"tag-lois-boisson","16":"tag-roland-garros","17":"tag-sports","18":"tag-tennis","19":"tag-video","20":"tag-video-sports"},"share_on_mastodon":{"url":"https:\/\/pubeurope.com\/@fr\/114634252862847625","error":""},"_links":{"self":[{"href":"https:\/\/www.europesays.com\/fr\/wp-json\/wp\/v2\/posts\/155514","targetHints":{"allow":["GET"]}}],"collection":[{"href":"https:\/\/www.europesays.com\/fr\/wp-json\/wp\/v2\/posts"}],"about":[{"href":"https:\/\/www.europesays.com\/fr\/wp-json\/wp\/v2\/types\/post"}],"author":[{"embeddable":true,"href":"https:\/\/www.europesays.com\/fr\/wp-json\/wp\/v2\/users\/2"}],"replies":[{"embeddable":true,"href":"https:\/\/www.europesays.com\/fr\/wp-json\/wp\/v2\/comments?post=155514"}],"version-history":[{"count":0,"href":"https:\/\/www.europesays.com\/fr\/wp-json\/wp\/v2\/posts\/155514\/revisions"}],"wp:featuredmedia":[{"embeddable":true,"href":"https:\/\/www.europesays.com\/fr\/wp-json\/wp\/v2\/media\/155515"}],"wp:attachment":[{"href":"https:\/\/www.europesays.com\/fr\/wp-json\/wp\/v2\/media?parent=155514"}],"wp:term":[{"taxonomy":"category","embeddable":true,"href":"https:\/\/www.europesays.com\/fr\/wp-json\/wp\/v2\/categories?post=155514"},{"taxonomy":"post_tag","embeddable":true,"href":"https:\/\/www.europesays.com\/fr\/wp-json\/wp\/v2\/tags?post=155514"}],"curies":[{"name":"wp","href":"https:\/\/api.w.org\/{rel}","templated":true}]}}