{"id":155520,"date":"2025-06-06T03:20:13","date_gmt":"2025-06-06T03:20:13","guid":{"rendered":"https:\/\/www.europesays.com\/fr\/155520\/"},"modified":"2025-06-06T03:20:13","modified_gmt":"2025-06-06T03:20:13","slug":"cyclisme-criterium-du-dauphine-paul-seixas-selectionne-et-dans-lhistoire-du-dauphine","status":"publish","type":"post","link":"https:\/\/www.europesays.com\/fr\/155520\/","title":{"rendered":"Cyclisme. Crit\u00e9rium du Dauphin\u00e9 &#8211; Paul Seixas s\u00e9lectionn\u00e9&#8230; et dans l&rsquo;histoire du Dauphin\u00e9"},"content":{"rendered":"<p>S\u00e9lectionn\u00e9\u00a0par son\u00a0\u00e9quipe\u00a0<strong>Decathlon AG2R La Mondiale<\/strong>\u00a0pour le prochain <strong><a href=\"https:\/\/www.cyclismactu.net\/..\/news-criterium-du-dauphine-route-romain-bardet-la-fin-est-proche-mais-reve-de-gagner-88225.html\" target=\"_blank\" rel=\"nofollow noopener\">Crit\u00e9rium du Dauphin\u00e9<\/a><\/strong>, qui s&rsquo;\u00e9lancera ce dimanche 8 juin pour huit jours de course, <strong><a href=\"https:\/\/www.cyclismactu.net\/..\/news-interview-route-paul-seixas-mon-debut-chez-pros-parfait-pour-instant-87384.html\" target=\"_blank\" rel=\"nofollow noopener\">Paul Seixas<\/a><\/strong>\u00a0va rentrer dans l&rsquo;histoire de l&rsquo;\u00e9preuve fran\u00e7aise avant m\u00eame d&rsquo;y participer ! A\u00a018 ans et quelques mois, le Lyonnais va en effet devenir le plus jeune coureur de l\u2019histoire de la course \u00e0 en prendre le d\u00e9part, lui qui ne sera pas loin d&rsquo;\u00e9voluer \u00e0 domicile et sur ses terres dans les Alpes, \u00e0 l&rsquo;image de sa formation. Auteur d&rsquo;un d\u00e9but de saison d\u00e9j\u00e0 tr\u00e8s prometteur pour sa premi\u00e8re saison chez les pros, la p\u00e9pite du cyclisme fran\u00e7ais a les armes pour briller sur sa 2e course par \u00e9tapes du WorldTour en carri\u00e8re, lui qui avait chut\u00e9 et abandonn\u00e9 sur l&rsquo;<strong>UAE Tour<\/strong> en f\u00e9vrier. Il fera en tout cas partie des deux grimpeurs prot\u00e9g\u00e9s au sein de la WorldTeam fran\u00e7aise pour jouer le classement g\u00e9n\u00e9ral, aux c\u00f4tes d&rsquo;un autre local, <strong>Cl\u00e9ment Berthet<\/strong>.<\/p>\n<p>Vid\u00e9o &#8211; Paul Seixas au micro de Cyclism&rsquo;Actu Lire la suite de l&rsquo;article&#13;<\/p>\n<p>\u00a0<\/p>\n<p>&#13;<br \/>\nS\u00e9bastien Joly : \u00ab\u00a0Le Dauphin\u00e9 a toujours une saveur particuli\u00e8re pour notre \u00e9quipe\u00a0\u00bb&#13;<\/p>\n<p>En stage en Sierra Nevada (Espagne) au mois de mai, le champion du monde juniors du contre-la-montre n&rsquo;a pas couru en comp\u00e9tition depuis son\u00a0<strong>Tour des Alpes<\/strong> achev\u00e9 \u00e0 la 12e place du g\u00e9n\u00e9ral, apr\u00e8s avoir pris deux 2e places fin avril. Pour sa reprise,\u00a0<strong>Paul Seixas<\/strong>\u00a0aura l&rsquo;occasion de se frotter \u00e0 ce qui se fait de mieux en cyclisme, avec un plateau digne du <strong>Tour de France<\/strong> et la pr\u00e9sence de\u00a0<strong>Tadej Pogacar\u00a0<\/strong>(UAE Team Emirates XRG),\u00a0<strong>Remco Evenepoel\u00a0<\/strong>(Soudal Quick-Step) ou encore\u00a0<strong><a href=\"https:\/\/www.cyclismactu.net\/..\/news-criterium-du-dauphine-route-jonas-vingegaard-si-courais-sans-tadej-pogacar-88214.html\" target=\"_blank\" rel=\"nofollow noopener\">Jonas Vingegaard<\/a>\u00a0<\/strong>(Team Visma | Lease a Bike). L&rsquo;\u00e9quipe\u00a0<strong>Decathlon AG2R La Mondiale<\/strong>\u00a0aligne en tout cas une s\u00e9lection tr\u00e8s comp\u00e9titive, avec en chasseurs d&rsquo;\u00e9tapes\u00a0<strong>Bastien Tronchon<\/strong> et <strong>Aur\u00e9lien Paret-Peintre<\/strong> pour les profils vallonn\u00e9s, mais aussi <strong>Bruno Armirail<\/strong>, <strong>Jordan Labrosse<\/strong> et le capitaine de route belge <strong>Oliver Naesen<\/strong> pour compl\u00e9ter ce sept de d\u00e9part all\u00e9chant.<\/p>\n<p>&#13;<\/p>\n<p>Le directeur sportif <strong>S\u00e9bastien Joly<\/strong> est revenu sur les ambitions de son \u00e9quipe. \u00ab\u00a0Nous avons une belle \u00e9quipe au d\u00e9part, et surtout un Dauphin\u00e9, certes montagneux sur le dernier week-end, mais assez ouvert avant cela, avec des \u00e9tapes aux profils vallonn\u00e9s qui peuvent correspondre aux puncheurs. C&rsquo;est notamment pour cela que nous avons s\u00e9lectionn\u00e9 Bastien Tronchon et Aur\u00e9lien Paret-Peintre. L&rsquo;\u00e9tat d&rsquo;esprit de la semaine sera d&rsquo;\u00eatre offensifs et de profiter de chaque occasion, notamment en d\u00e9but de semaine pour aller chercher une victoire d&rsquo;\u00e9tape. Nous aurons \u00e9galement deux grimpeurs \u00e0 qui le dernier week-end pourrait sourire et qui seront prot\u00e9g\u00e9s pour le classement g\u00e9n\u00e9ral : Cl\u00e9ment Berthet et Paul Seixas. Le Dauphin\u00e9 a toujours une saveur particuli\u00e8re pour notre \u00e9quipe car il s&rsquo;agit d&rsquo;une des courses WorldTour les plus relev\u00e9es de la saison et parce que notre centre de performance est bas\u00e9 en Savoie\u00a0\u00bb.<\/p>\n","protected":false},"excerpt":{"rendered":"S\u00e9lectionn\u00e9\u00a0par son\u00a0\u00e9quipe\u00a0Decathlon AG2R La Mondiale\u00a0pour le prochain Crit\u00e9rium du Dauphin\u00e9, qui s&rsquo;\u00e9lancera ce dimanche 8 juin pour huit&hellip;\n","protected":false},"author":2,"featured_media":155521,"comment_status":"","ping_status":"","sticky":false,"template":"","format":"standard","meta":{"footnotes":""},"categories":[1411],"tags":[24803,1154,207,211,1011,27,209,60,210,212,208,213],"class_list":{"0":"post-155520","1":"post","2":"type-post","3":"status-publish","4":"format-standard","5":"has-post-thumbnail","7":"category-cyclisme","8":"tag-criterium-du-dauphine","9":"tag-cycling","10":"tag-cyclisme","11":"tag-ffc","12":"tag-fr","13":"tag-france","14":"tag-route","15":"tag-sports","16":"tag-tour-de-france","17":"tag-uci","18":"tag-velo","19":"tag-world-tour"},"share_on_mastodon":{"url":"https:\/\/pubeurope.com\/@fr\/114634268666533077","error":""},"_links":{"self":[{"href":"https:\/\/www.europesays.com\/fr\/wp-json\/wp\/v2\/posts\/155520","targetHints":{"allow":["GET"]}}],"collection":[{"href":"https:\/\/www.europesays.com\/fr\/wp-json\/wp\/v2\/posts"}],"about":[{"href":"https:\/\/www.europesays.com\/fr\/wp-json\/wp\/v2\/types\/post"}],"author":[{"embeddable":true,"href":"https:\/\/www.europesays.com\/fr\/wp-json\/wp\/v2\/users\/2"}],"replies":[{"embeddable":true,"href":"https:\/\/www.europesays.com\/fr\/wp-json\/wp\/v2\/comments?post=155520"}],"version-history":[{"count":0,"href":"https:\/\/www.europesays.com\/fr\/wp-json\/wp\/v2\/posts\/155520\/revisions"}],"wp:featuredmedia":[{"embeddable":true,"href":"https:\/\/www.europesays.com\/fr\/wp-json\/wp\/v2\/media\/155521"}],"wp:attachment":[{"href":"https:\/\/www.europesays.com\/fr\/wp-json\/wp\/v2\/media?parent=155520"}],"wp:term":[{"taxonomy":"category","embeddable":true,"href":"https:\/\/www.europesays.com\/fr\/wp-json\/wp\/v2\/categories?post=155520"},{"taxonomy":"post_tag","embeddable":true,"href":"https:\/\/www.europesays.com\/fr\/wp-json\/wp\/v2\/tags?post=155520"}],"curies":[{"name":"wp","href":"https:\/\/api.w.org\/{rel}","templated":true}]}}