{"id":155528,"date":"2025-06-06T03:25:18","date_gmt":"2025-06-06T03:25:18","guid":{"rendered":"https:\/\/www.europesays.com\/fr\/155528\/"},"modified":"2025-06-06T03:25:18","modified_gmt":"2025-06-06T03:25:18","slug":"ce-detail-du-premier-episode-etait-passe-inapercu-toutes-ces-annees-et-il-prend-enfin-sens-aujourdhui","status":"publish","type":"post","link":"https:\/\/www.europesays.com\/fr\/155528\/","title":{"rendered":"Ce d\u00e9tail du premier \u00e9pisode \u00e9tait pass\u00e9 inaper\u00e7u toutes ces ann\u00e9es et il prend enfin sens aujourd&rsquo;hui"},"content":{"rendered":"<p>Le final bouleversant de The Handmaid\u2019s Tale a permis de recontextualiser toute la s\u00e9rie. Et cinq minutes en particulier vont changer drastiquement la fa\u00e7on dont vous regarderez la s\u00e9rie&#8230; <\/p>\n<p>Apr\u00e8s six saisons,<b> <\/b><b>The Handmaid\u2019s Tale<\/b> s\u2019est achev\u00e9e la semaine derni\u00e8re, avec <a href=\"https:\/\/www.programme-tv.net\/news\/series-tv\/379849-the-handmaid-s-tale-comment-se-termine-la-serie-avec-elisabeth-moss-on-vous-raconte-la-fin-spoilers\/\" data-api-deeplink=\"teleloisirs:\/\/news\/379849\" target=\"_blank\" rel=\"noopener\">un final <\/a>qui a<a href=\"https:\/\/www.programme-tv.net\/news\/series-tv\/379871-je-comprends-la-frustration-des-fans-mais-elizabeth-moss-the-handmaids-tale-assume-ce-choix-pour-la-fin-de-la-serie-culte\/\" data-api-deeplink=\"teleloisirs:\/\/news\/379871\" target=\"_blank\" rel=\"noopener\"> frustr\u00e9 les fans sur un point que Elizabeth Moss assume totalement<\/a>. Ce dernier \u00e9pisode a surtout r\u00e9v\u00e9l\u00e9 une v\u00e9rit\u00e9 que personne n&rsquo;avait vu venir : les c\u00e9l\u00e8bres voix off de June Osborne n\u2019\u00e9taient pas des monologues int\u00e9rieurs, mais des enregistrements r\u00e9alis\u00e9s dans le futur.<\/p>\n<p><b>The Handmaid\u2019s Tale<\/b><b> : D\u00e8s le premier \u00e9pisode, il s&rsquo;agit de la June du futur qui raconte son histoire<\/b><\/p>\n<p>June, d\u00e9sormais survivante de Gilead, a d\u00e9cid\u00e9 de raconter son histoire \u2014 non seulement pour ses filles, Hannah et Nichole, mais aussi pour toutes les victimes du r\u00e9gime totalitaire. Dans la derni\u00e8re sc\u00e8ne, June traverse les ruines de son ancienne chambre et y retrouve un magn\u00e9tophone. Elle entame alors son r\u00e9cit avec les m\u00eames mots qu\u2019au d\u00e9but de la s\u00e9rie : \u00ab\u00a0Une chaise. Une table. Une lampe\u2026\u00a0\u00bb  Et si vous revoyez la premi\u00e8re sc\u00e8ne avec June dans le premier \u00e9pisode, vous entendrez le l\u00e9ger clic d&rsquo;un magn\u00e9tophone juste avant que la voix off ne commence, signe que ce que nous entendions n&rsquo;\u00e9tait pas un monologue interne, mais quelque chose d&rsquo;enti\u00e8rement diff\u00e9rent. Ce clic d\u2019un magn\u00e9tophone, pass\u00e9 inaper\u00e7u \u00e0 l\u2019\u00e9poque, prend donc ici tout son sens : <b>The Handmaid&rsquo;s Tale<\/b> \u00e9tait, d\u00e8s le d\u00e9part, le t\u00e9moignage de June.<\/p>\n<p>                        <b>The Handmaid\u2019s Tale<\/b><b> : <\/b>Elisabeth Moss a revu la sc\u00e8ne du premier \u00e9pisode pour la rejouer dans le dernier<\/p>\n<p>Et lorsque June d\u00e9clare \u00ab\u00a0Mon nom est Defred\u00a0\u00bb dans le final, Elisabeth Moss le fait avec le m\u00eame sourire qu&rsquo;elle fait tout au long de la s\u00e9rie, en particulier dans les derni\u00e8res saisons. Un nom qui \u00e9tait cens\u00e9 effacer son identit\u00e9 devient un nom qu&rsquo;elle se r\u00e9approprie, le transformant en symbole de r\u00e9sistance. Elisabeth Moss, qui a \u00e9galement r\u00e9alis\u00e9 le final, a confirm\u00e9 \u00e0 Hollywood Reporter que ce moment \u00e9tait intentionnel et profond\u00e9ment personnel. Avant le tournage, la com\u00e9dienne a regard\u00e9 la sc\u00e8ne du pilote \u00e0 plusieurs reprises sur son t\u00e9l\u00e9phone et a insist\u00e9 pour que la voix off finale respecte la m\u00eame cadence que de l&rsquo;original. Bien que les d\u00e9tails de <a href=\"https:\/\/www.programme-tv.net\/news\/series-tv\/373210-handmaid-s-tale-les-premieres-informations-sur-le-spin-off-the-testaments\/\" data-api-deeplink=\"teleloisirs:\/\/news\/373210\" target=\"_blank\" rel=\"noopener\">The Testaments<\/a> ne soient pas encore connus, on peut supposer que le livre de June, et le fait de raconter son histoire, se r\u00e9percutera sur la s\u00e9rie et au-del\u00e0. Reste \u00e0 savoir si Elisabeth Moss sera pr\u00e9sente dans ce spin off.<\/p>\n","protected":false},"excerpt":{"rendered":"Le final bouleversant de The Handmaid\u2019s Tale a permis de recontextualiser toute la s\u00e9rie. Et cinq minutes en&hellip;\n","protected":false},"author":2,"featured_media":155529,"comment_status":"","ping_status":"","sticky":false,"template":"","format":"standard","meta":{"footnotes":""},"categories":[1356],"tags":[1419,244,58,28583,59,1011,27,28584,6120,28581,28582,129,12660,252,1691,12663,12661,1364],"class_list":{"0":"post-155528","1":"post","2":"type-post","3":"status-publish","4":"format-standard","5":"has-post-thumbnail","7":"category-television","8":"tag-canal-plus","9":"tag-commentaire","10":"tag-divertissement","11":"tag-elisabeth-moss","12":"tag-entertainment","13":"tag-fr","14":"tag-france","15":"tag-la-servante-u00e9carlate","16":"tag-ocs","17":"tag-pub-streaming-canal-plus","18":"tag-pub-streaming-ocs","19":"tag-svod","20":"tag-syndication","21":"tag-television","22":"tag-the-handmaids-tale","23":"tag-tl","24":"tag-tm","25":"tag-tv"},"share_on_mastodon":{"url":"https:\/\/pubeurope.com\/@fr\/114634288224650829","error":""},"_links":{"self":[{"href":"https:\/\/www.europesays.com\/fr\/wp-json\/wp\/v2\/posts\/155528","targetHints":{"allow":["GET"]}}],"collection":[{"href":"https:\/\/www.europesays.com\/fr\/wp-json\/wp\/v2\/posts"}],"about":[{"href":"https:\/\/www.europesays.com\/fr\/wp-json\/wp\/v2\/types\/post"}],"author":[{"embeddable":true,"href":"https:\/\/www.europesays.com\/fr\/wp-json\/wp\/v2\/users\/2"}],"replies":[{"embeddable":true,"href":"https:\/\/www.europesays.com\/fr\/wp-json\/wp\/v2\/comments?post=155528"}],"version-history":[{"count":0,"href":"https:\/\/www.europesays.com\/fr\/wp-json\/wp\/v2\/posts\/155528\/revisions"}],"wp:featuredmedia":[{"embeddable":true,"href":"https:\/\/www.europesays.com\/fr\/wp-json\/wp\/v2\/media\/155529"}],"wp:attachment":[{"href":"https:\/\/www.europesays.com\/fr\/wp-json\/wp\/v2\/media?parent=155528"}],"wp:term":[{"taxonomy":"category","embeddable":true,"href":"https:\/\/www.europesays.com\/fr\/wp-json\/wp\/v2\/categories?post=155528"},{"taxonomy":"post_tag","embeddable":true,"href":"https:\/\/www.europesays.com\/fr\/wp-json\/wp\/v2\/tags?post=155528"}],"curies":[{"name":"wp","href":"https:\/\/api.w.org\/{rel}","templated":true}]}}