{"id":155530,"date":"2025-06-06T03:26:11","date_gmt":"2025-06-06T03:26:11","guid":{"rendered":"https:\/\/www.europesays.com\/fr\/155530\/"},"modified":"2025-06-06T03:26:11","modified_gmt":"2025-06-06T03:26:11","slug":"tayc-fait-une-grande-annonce-concernant-la-suite-de-sa-carriere","status":"publish","type":"post","link":"https:\/\/www.europesays.com\/fr\/155530\/","title":{"rendered":"Tayc fait une grande annonce concernant la suite de sa carri\u00e8re"},"content":{"rendered":"<p>Jeudi 5 juin 2025, Tayc \u00e9tait invit\u00e9 sur France Inter. Face \u00e0 L\u00e9a Salam\u00e9, il a fait une annonce tr\u00e8s surprenante concernant la suite de sa carri\u00e8re dans la musique.<\/p>\n<p>\u00ab\u00a0Le temps, le temps m&rsquo;a r\u00e9par\u00e9 \/ Plus rien n&rsquo;est comme avant \/ Quelqu&rsquo;un m&rsquo;a d\u00e9j\u00e0 soign\u00e9 \/ Le vent, le vent a bien tourn\u00e9 \/ Ne gaspille pas mon temps \/ Une autre a su me soigner\u00a0\u00bb. Dans Le Temps, <a href=\"https:\/\/www.programme-tv.net\/news\/musique\/320451-tayc-retire-un-morceau-de-son-nouvel-album-qui-fait-polemique-de-nombreux-internautes-choques-par-les-paroles\/\" data-api-deeplink=\"teleloisirs:\/\/news\/320451\" target=\"_blank\" rel=\"noopener\">un titre \u00e0 succ\u00e8s parmi d&rsquo;autres de Tayc<\/a>, le chanteur raconte ses peines de c\u0153ur, ses f\u00ealures, mais aussi comment il s&rsquo;est relev\u00e9. Il faut dire que, jeudi 5 juin 2025, Julien Bouadjie (de son vrai nom) a r\u00e9v\u00e9l\u00e9 au micro de France Inter que dans son art, il est m\u00e9lancolique. Mais peut-\u00eatre plus pour tr\u00e8s longtemps ? Au fil de sa conversation avec <a href=\"https:\/\/www.programme-tv.net\/biographie\/1044-salame-lea\/\" data-link-people=\"5c093c14-70e3-4f88-8231-98d25b01dc6f\" target=\"_blank\" rel=\"noopener\">L\u00e9a Salam\u00e9<\/a>, dans le cadre de la promotion de son concert symphonique pr\u00e9vu le 10 novembre \u00e0 Paris, l&rsquo;artiste s&rsquo;est laiss\u00e9 aller \u00e0 une confidence qui a compl\u00e8tement choqu\u00e9 la journaliste.<\/p>\n<p>Tayc veut se retirer de la musique pendant quelques temps<\/p>\n<p>C&rsquo;est en posant une question sur son rapport \u00e0 Dieu que l&rsquo;animatrice a ouvert les valves. \u00ab\u00a0J\u2019ai envie d\u2019y retourner, tr\u00e8s fort. Je me sens un peu perdu en ce moment spirituellement\u00a0\u00bb, confie-t-il, avant de l\u00e2cher une bombe. \u00ab\u00a0<b>C\u2019est le moment pour moi aussi de faire une grande pause dans ma carri\u00e8re. Ce n\u2019est peut-\u00eatre m\u00eame pas une pause\u00a0\u00bb<\/b><b>. <\/b>\u00c0 l&rsquo;annonce de cette nouvelle, L\u00e9a Salam\u00e9 apparait visiblement choqu\u00e9e. \u00ab\u00a0Vous nous annoncez comme \u00e7a que vous faites une pause. Il y a le concert le 10 novembre au Th\u00e9\u00e2tre des Champs-Elys\u00e9es\u2026\u00a0\u00bb, lance-t-elle, dans l&rsquo;incompr\u00e9hension. \u00ab\u00a0C\u2019est mon dernier concert\u00a0\u00bb, lui r\u00e9pond le chanteur. Toujours incr\u00e9dule, elle insiste : \u00ab\u00a0Vous vous arr\u00eatez ?\u00a0\u00bb \u00ab\u00a0Oui je m\u2019arr\u00eate. \u00c0 la fin de l\u2019\u00e9t\u00e9 j\u2019arr\u00eate\u00a0\u00bb. Mais pour quoi faire ? \u00ab\u00a0De la spiritualit\u00e9, beaucoup, retrouver ma m\u00e8re, <a href=\"https:\/\/www.programme-tv.net\/news\/people\/309379-tayc-papa-et-marie-le-chanteur-et-gagnant-de-danse-avec-les-stars-11-revele-enfin-la-verite-sur-sa-vie-privee\/\" data-api-deeplink=\"teleloisirs:\/\/news\/309379\" target=\"_blank\" rel=\"noopener\">voir mon fils grandir un peu<\/a>, retrouver ma famille. C\u2019est dur quand m\u00eame. Cette vie, elle n\u2019est pas non plus faite que de belles choses. J\u2019ai eu une ann\u00e9e 2024 tr\u00e8s difficile, j\u2019ai perdu mon fr\u00e8re. Je n\u2019ai plus trop go\u00fbt \u00e0 la vie et \u00e0 la musique en ce moment. C\u2019est peut-\u00eatre ma derni\u00e8re interview avec vous L\u00e9a [rires]\u00a0\u00bb.<\/p>\n<p>                        Pourquoi Tayc a-t-il d\u00e9cid\u00e9 de mettre sa carri\u00e8re en pause ?<\/p>\n<p>La journaliste ne peut s&#8217;emp\u00eacher de mettre en doute cette d\u00e9claration et de rappeler qu&rsquo;elle a d\u00e9j\u00e0 entendu ce son de cloche par le pass\u00e9. \u00ab\u00a0Je n\u2019y crois pas. Damso m\u2019avait dit \u00e7a et on l\u2019a revu\u00a0\u00bb. Mais son interlocuteur n&rsquo;en d\u00e9mord pas. \u00ab\u00a0Moi c\u2019est r\u00e9el. J\u2019ai besoin de recul. \u00c7a tombe bien que vous me posiez la question de Dieu parce que c\u2019est ce qu\u2019il me manque aujourd\u2019hui dans ma vie, vraiment beaucoup de spiritualit\u00e9. J\u2019ai l\u2019impression d\u2019\u00eatre un peu perdu. Il faut que j\u2019y retourne parce que je suis n\u00e9 chr\u00e9tien\u00a0\u00bb, poursuit-il. D\u00e9sireux d&rsquo;\u00e9largir ses horizons, il pr\u00e9cise qu&rsquo;il diversifie ses centres d&rsquo;int\u00e9r\u00eat. \u00ab\u00a0Aujourd\u2019hui je m\u2019int\u00e9resse \u00e0 beaucoup de choses. Je lis des livres, je discute aussi. [\u2026] La musique c\u2019est bien, les showcases c\u2019est bien, les interviews, tout \u00e7a. Mais il y a la vie, la vraie\u00a0\u00bb. Face \u00e0 lui,<a href=\"https:\/\/www.programme-tv.net\/news\/tv\/373500-cyril-feraud-vanne-lea-salame-sur-son-compagnon-raphael-glucksmann-dans-tout-le-monde-veut-prendre-sa-place\/\" data-api-deeplink=\"teleloisirs:\/\/news\/373500\" target=\"_blank\" rel=\"noopener\"> la compagne de Rapha\u00ebl Glucksmann<\/a> ne cache pas sa d\u00e9ception : \u00ab\u00a0Je suis un peu d\u00e9sol\u00e9e de l\u2019entendre. C\u2019est fort, je ne pensais pas du tout que vous alliez dire \u00e7a. Reposez-vous et revenez\u00a0\u00bb.<\/p>\n","protected":false},"excerpt":{"rendered":"Jeudi 5 juin 2025, Tayc \u00e9tait invit\u00e9 sur France Inter. Face \u00e0 L\u00e9a Salam\u00e9, il a fait une&hellip;\n","protected":false},"author":2,"featured_media":155531,"comment_status":"","ping_status":"","sticky":false,"template":"","format":"standard","meta":{"footnotes":""},"categories":[1355],"tags":[244,58,59,1011,27,1361,873,28585,1630],"class_list":{"0":"post-155530","1":"post","2":"type-post","3":"status-publish","4":"format-standard","5":"has-post-thumbnail","7":"category-musique","8":"tag-commentaire","9":"tag-divertissement","10":"tag-entertainment","11":"tag-fr","12":"tag-france","13":"tag-music","14":"tag-musique","15":"tag-tayc","16":"tag-zapping"},"share_on_mastodon":{"url":"https:\/\/pubeurope.com\/@fr\/114634292261040219","error":""},"_links":{"self":[{"href":"https:\/\/www.europesays.com\/fr\/wp-json\/wp\/v2\/posts\/155530","targetHints":{"allow":["GET"]}}],"collection":[{"href":"https:\/\/www.europesays.com\/fr\/wp-json\/wp\/v2\/posts"}],"about":[{"href":"https:\/\/www.europesays.com\/fr\/wp-json\/wp\/v2\/types\/post"}],"author":[{"embeddable":true,"href":"https:\/\/www.europesays.com\/fr\/wp-json\/wp\/v2\/users\/2"}],"replies":[{"embeddable":true,"href":"https:\/\/www.europesays.com\/fr\/wp-json\/wp\/v2\/comments?post=155530"}],"version-history":[{"count":0,"href":"https:\/\/www.europesays.com\/fr\/wp-json\/wp\/v2\/posts\/155530\/revisions"}],"wp:featuredmedia":[{"embeddable":true,"href":"https:\/\/www.europesays.com\/fr\/wp-json\/wp\/v2\/media\/155531"}],"wp:attachment":[{"href":"https:\/\/www.europesays.com\/fr\/wp-json\/wp\/v2\/media?parent=155530"}],"wp:term":[{"taxonomy":"category","embeddable":true,"href":"https:\/\/www.europesays.com\/fr\/wp-json\/wp\/v2\/categories?post=155530"},{"taxonomy":"post_tag","embeddable":true,"href":"https:\/\/www.europesays.com\/fr\/wp-json\/wp\/v2\/tags?post=155530"}],"curies":[{"name":"wp","href":"https:\/\/api.w.org\/{rel}","templated":true}]}}