{"id":155534,"date":"2025-06-06T03:28:16","date_gmt":"2025-06-06T03:28:16","guid":{"rendered":"https:\/\/www.europesays.com\/fr\/155534\/"},"modified":"2025-06-06T03:28:16","modified_gmt":"2025-06-06T03:28:16","slug":"faut-il-craindre-une-epidemie","status":"publish","type":"post","link":"https:\/\/www.europesays.com\/fr\/155534\/","title":{"rendered":"faut-il craindre une \u00e9pid\u00e9mie ?\u00a0"},"content":{"rendered":"<p>             <a href=\"https:\/\/ma-sante.news\/wp-content\/uploads\/2025\/06\/retour-inquietant-diptherie-hausse-des-cas-en-europe-Ma-Sante-.jpg\" data-caption=\"Selon l\u2019Organisation mondiale de la sant\u00e9 (OMS), une couverture vaccinale sup\u00e9rieure \u00e0 90 % est n\u00e9cessaire pour \u00e9viter la r\u00e9surgence de la dipht\u00e9rie. \u00a9 Freepik\" target=\"_blank\" rel=\"noopener\"><img loading=\"lazy\" decoding=\"async\" width=\"696\" height=\"464\" class=\"entry-thumb td-modal-image\" src=\"data:image\/svg+xml,%3Csvg%20xmlns=\" http:=\"\" data-lazy- data-lazy- alt=\"Un chercheur qui \u00e9tudie la bact\u00e9rie responsable de la dipht\u00e9rie.\" title=\"retour inquie\u0301tant dipthe\u0301rie hausse des cas en europe Ma Sante\u0301\" data-lazy-src=\"https:\/\/www.europesays.com\/fr\/wp-content\/uploads\/2025\/06\/retour-inquietant-diptherie-hausse-des-cas-en-europe-Ma-Sante--696x464.jpg\"\/><\/a>Selon l\u2019Organisation mondiale de la sant\u00e9 (OMS), une couverture vaccinale sup\u00e9rieure \u00e0 90 % est n\u00e9cessaire pour \u00e9viter la r\u00e9surgence de la dipht\u00e9rie. \u00a9 Freepik                                    \t\t\t             <a class=\"gofollow\" data-track=\"MjgsMCwxLDYw\" href=\"https:\/\/ma-sante.news\/inscrivez-vous-a-notre-newsletter\/\" target=\"_blank\" rel=\"noopener\"><img loading=\"lazy\" decoding=\"async\" width=\"1068\" height=\"131\" src=\"data:image\/svg+xml,%3Csvg%20xmlns=\" http:=\"\" data-lazy-src=\"https:\/\/www.europesays.com\/fr\/wp-content\/uploads\/2025\/03\/banniere-newsletter.png\"\/><\/a> <\/p>\n<p>Si vous pensiez que la dipht\u00e9rie <a href=\"https:\/\/ma-sante.news\/tuberculose-peste-lepre-retour-maladies-disparues-2964\/\" target=\"_blank\" rel=\"noopener\">appartenait au pass\u00e9, comme la variole<\/a> ou les pantalons \u00e0 pattes d\u2019eph\u2019, d\u00e9trompez-vous. Cette maladie bact\u00e9rienne, provoqu\u00e9e par Corynebacterium diphtheriae, n\u2019a jamais compl\u00e8tement disparu. Tr\u00e8s contagieuse, elle s\u2019attaque aux voies respiratoires dans sa forme la plus grave, parfois mortelle, ou \u00e0 la peau, dans des formes plus b\u00e9nignes mais aussi transmissibles.<\/p>\n<p>Gr\u00e2ce \u00e0 la vaccination syst\u00e9matique chez les enfants, elle \u00e9tait cependant devenue extr\u00eamement rare dans nos contr\u00e9es. Mais voil\u00e0 que depuis 2022, une hausse de la dipht\u00e9rie en Europe a \u00e9t\u00e9 observ\u00e9e, notamment dans les pays d\u2019Europe occidentale. <\/p>\n<p>Selon une publication du New England Journal of Medicine en mai 2025, il s\u2019agit de la plus grande \u00e9pid\u00e9mie sur le continent depuis 70 ans. En France, les donn\u00e9es de Sant\u00e9 publique France confirment cette tendance : en 2022, 71 cas de dipht\u00e9rie ont \u00e9t\u00e9 recens\u00e9s, contre une dizaine en moyenne les ann\u00e9es pr\u00e9c\u00e9dentes.<\/p>\n<p>\u00c0 l\u2019\u00e9chelle europ\u00e9enne, le Centre europ\u00e9en de pr\u00e9vention et de contr\u00f4le des maladies (ECDC) a recens\u00e9 362 cas pour l\u2019ann\u00e9e 2022, un chiffre in\u00e9dit depuis des d\u00e9cennies. Une enqu\u00eate men\u00e9e par des chercheurs de l\u2019Institut Pasteur et de Sant\u00e9 publique France a permis de retracer l\u2019origine et les trajectoires de cette flamb\u00e9e.<\/p>\n<p>        Comment la dipht\u00e9rie s\u2019est-elle propag\u00e9e ?\u00a0    <strong>Une flamb\u00e9e li\u00e9e \u00e0 la migration\u2026 mais pas que<\/strong>    <\/p>\n<p>La plupart des cas signal\u00e9s concernent des personnes migrantes, principalement originaires d\u2019Asie et d\u2019Afrique. Mais attention : comme le pr\u00e9cise le New England Journal of Medicine, les contaminations ont souvent eu lieu pendant les voyages migratoires ou dans les pays d\u2019accueil, et non dans les pays d\u2019origine. Les mauvaises conditions sanitaires (h\u00e9bergements pr\u00e9caires, promiscuit\u00e9, manque d\u2019acc\u00e8s aux soins et \u00e0 la vaccination) ont facilit\u00e9 la propagation.<\/p>\n<p>Des cas ont aussi \u00e9t\u00e9 observ\u00e9s chez des Europ\u00e9ens n\u2019ayant pas re\u00e7u de rappel vaccinal. Car oui, la protection vaccinale contre la dipht\u00e9rie s\u2019estompe avec le temps, et sans rappel, on redevient vuln\u00e9rable.<\/p>\n<p>Depuis 2022, au total, 536 cas ont \u00e9t\u00e9 confirm\u00e9s en Europe, dont au moins trois d\u00e9c\u00e8s, selon les scientifiques. Si des mesures rapides (comme le d\u00e9pistage des cas contacts et la mise en quarantaine) ont permis de freiner la propagation, des contaminations sporadiques se poursuivent, notamment parmi les migrants et les personnes sans domicile fixe.<\/p>\n<p>        <strong>Comment se manifeste la dipht\u00e9rie ?<\/strong>    <\/p>\n<p>La dipht\u00e9rie peut prendre deux formes principales :<\/p>\n<ul class=\"wp-block-list\">\n<li>Respiratoire : la plus grave. Elle touche la gorge et peut provoquer une suffocation, des paralysies ou des atteintes cardiaques.<\/li>\n<li>Cutan\u00e9e : plus b\u00e9nigne, elle se manifeste par des l\u00e9sions sur la peau, souvent infect\u00e9es.<\/li>\n<\/ul>\n<p>Sans traitement rapide, notamment avec une antitoxine dipht\u00e9rique et des antibiotiques, la maladie peut \u00eatre mortelle dans 5 \u00e0 10 % des cas, selon l\u2019Organisation mondiale de la sant\u00e9 (OMS).<\/p>\n<p>        Retour de la dipht\u00e9rie : doit-on s\u2019inqui\u00e9ter ?    <strong>Vaccination : le meilleur rempart<\/strong>    <\/p>\n<p>La dipht\u00e9rie est une maladie \u00e0 pr\u00e9vention vaccinale. <a href=\"https:\/\/ma-sante.news\/vaccination-la-france-ne-tire-pas-encore-assez-la-couverture-a-elle\/\" target=\"_blank\" rel=\"noopener\">Le vaccin fait partie du fameux DTP (Dipht\u00e9rie-T\u00e9tanos-Polio), obligatoire en France<\/a> pour les enfants depuis 2018.<\/p>\n<p>Mais voil\u00e0, si la couverture vaccinale chez les enfants d\u00e9passe les 95 %, celle des adultes, notamment pour les rappels tous les 20 ans, est souvent n\u00e9glig\u00e9e. Et c\u2019est l\u00e0 que le b\u00e2t blesse. Les personnes n\u2019ayant pas re\u00e7u de rappel peuvent devenir vuln\u00e9rables, surtout si elles voyagent ou sont en contact avec des populations \u00e0 risque.<\/p>\n<p>        <strong>Que fait-on maintenant ?<\/strong>    <\/p>\n<p>Les autorit\u00e9s sanitaires europ\u00e9ennes et fran\u00e7aises ont renforc\u00e9 la surveillance \u00e9pid\u00e9miologique, avec un suivi particulier dans les centres d\u2019accueil de migrants et dans les h\u00f4pitaux. Sant\u00e9 publique France insiste aussi sur l\u2019importance de ne pas oublier les rappels vaccinaux \u00e0 l\u2019\u00e2ge adulte.<\/p>\n<p>Autre levier d\u2019action : la sensibilisation des professionnels de sant\u00e9. Les cas \u00e9tant rares jusque-l\u00e0, la dipht\u00e9rie peut \u00eatre m\u00e9connue, voire sous-diagnostiqu\u00e9e. Or, un diagnostic tardif peut avoir des cons\u00e9quences dramatiques.<\/p>\n<blockquote class=\"wp-block-quote is-layout-flow wp-block-quote-is-layout-flow\">\n<p><strong>\u00c0 SAVOIR\u00a0<\/strong><\/p>\n<p>En plus de la transmission par gouttelettes, la dipht\u00e9rie peut aussi se transmettre par contact avec des objets contamin\u00e9s (jouets, v\u00eatements, linge). La bact\u00e9rie peut survivre plusieurs heures sur les surfaces, d\u2019o\u00f9 l\u2019importance de l\u2019hygi\u00e8ne, notamment dans les lieux collectifs ou d\u2019accueil.<\/p>\n<\/blockquote>\n<p>  <a class=\"gofollow\" data-track=\"MTIsMCwxLDYw\" href=\"https:\/\/ma-sante.news\/annonceurs\/\" target=\"_blank\" rel=\"noopener\"><img loading=\"lazy\" decoding=\"async\" width=\"2560\" height=\"2133\" src=\"data:image\/svg+xml,%3Csvg%20xmlns=\" http:=\"\" data-lazy-src=\"https:\/\/www.europesays.com\/fr\/wp-content\/uploads\/2025\/03\/pub-annonceurs-4-scaled.jpg\"\/><\/a>    <img loading=\"lazy\" decoding=\"async\" width=\"755\" height=\"495\" src=\"data:image\/svg+xml,%3Csvg%20xmlns=\" http:=\"\" data-lazy-src=\"https:\/\/www.europesays.com\/fr\/wp-content\/uploads\/2025\/03\/Image1.jpg\"\/>Inscrivez-vous \u00e0 notre newsletter <br \/>Ma Sant\u00e9                      <\/p>\n","protected":false},"excerpt":{"rendered":"Selon l\u2019Organisation mondiale de la sant\u00e9 (OMS), une couverture vaccinale sup\u00e9rieure \u00e0 90 % est n\u00e9cessaire pour \u00e9viter&hellip;\n","protected":false},"author":2,"featured_media":155535,"comment_status":"","ping_status":"","sticky":false,"template":"","format":"standard","meta":{"footnotes":""},"categories":[10],"tags":[1011,27,72,19872,71],"class_list":{"0":"post-155534","1":"post","2":"type-post","3":"status-publish","4":"format-standard","5":"has-post-thumbnail","7":"category-sante","8":"tag-fr","9":"tag-france","10":"tag-health","11":"tag-maladie-rare","12":"tag-sante"},"share_on_mastodon":{"url":"https:\/\/pubeurope.com\/@fr\/114634300251892157","error":""},"_links":{"self":[{"href":"https:\/\/www.europesays.com\/fr\/wp-json\/wp\/v2\/posts\/155534","targetHints":{"allow":["GET"]}}],"collection":[{"href":"https:\/\/www.europesays.com\/fr\/wp-json\/wp\/v2\/posts"}],"about":[{"href":"https:\/\/www.europesays.com\/fr\/wp-json\/wp\/v2\/types\/post"}],"author":[{"embeddable":true,"href":"https:\/\/www.europesays.com\/fr\/wp-json\/wp\/v2\/users\/2"}],"replies":[{"embeddable":true,"href":"https:\/\/www.europesays.com\/fr\/wp-json\/wp\/v2\/comments?post=155534"}],"version-history":[{"count":0,"href":"https:\/\/www.europesays.com\/fr\/wp-json\/wp\/v2\/posts\/155534\/revisions"}],"wp:featuredmedia":[{"embeddable":true,"href":"https:\/\/www.europesays.com\/fr\/wp-json\/wp\/v2\/media\/155535"}],"wp:attachment":[{"href":"https:\/\/www.europesays.com\/fr\/wp-json\/wp\/v2\/media?parent=155534"}],"wp:term":[{"taxonomy":"category","embeddable":true,"href":"https:\/\/www.europesays.com\/fr\/wp-json\/wp\/v2\/categories?post=155534"},{"taxonomy":"post_tag","embeddable":true,"href":"https:\/\/www.europesays.com\/fr\/wp-json\/wp\/v2\/tags?post=155534"}],"curies":[{"name":"wp","href":"https:\/\/api.w.org\/{rel}","templated":true}]}}