{"id":155538,"date":"2025-06-06T03:30:10","date_gmt":"2025-06-06T03:30:10","guid":{"rendered":"https:\/\/www.europesays.com\/fr\/155538\/"},"modified":"2025-06-06T03:30:10","modified_gmt":"2025-06-06T03:30:10","slug":"gerard-depardieu-deboute-face-a-liberation-mediapart-le-parisien-et-telerama","status":"publish","type":"post","link":"https:\/\/www.europesays.com\/fr\/155538\/","title":{"rendered":"G\u00e9rard Depardieu d\u00e9bout\u00e9 face \u00e0 Lib\u00e9ration, Mediapart, Le Parisien et T\u00e9l\u00e9rama"},"content":{"rendered":"<p class=\"paywall--paraph\">\u00ab\u00a0Laquais\u00a0\u00bb, \u00ab\u00a0sbires\u00a0\u00bb, personnes aux \u00ab\u00a0r\u00e9flexes staliniens\u00a0\u00bb\u2026 Le 2\u00a0avril dernier, J\u00e9r\u00e9mie Assous l\u2019avocat de G\u00e9rard Depardieu n\u2019a pas m\u00e2ch\u00e9 ses mots pour qualifier les quatre journalistes \u00e0 l\u2019origine d\u2019articles consacr\u00e9s \u00e0 son client. Devant le tribunal judiciaire de Paris, le tr\u00e8s m\u00e9diatique conseil de l\u2019acteur a rivalis\u00e9 d\u2019arguments pour convaincre trois juges sp\u00e9cialistes du droit de la presse d\u00e9p\u00each\u00e9s pour l\u2019occasion que les journaux Le Parisien, Lib\u00e9ration, Mediapart et T\u00e9l\u00e9rama avaient viol\u00e9 \u00e0 la fois le \u00ab\u00a0principe g\u00e9n\u00e9ral et absolu de l\u2019exactitude de l\u2019information\u00a0\u00bb et le \u00ab\u00a0principe de contradictoire\u00a0\u00bb.<\/p>\n","protected":false},"excerpt":{"rendered":"\u00ab\u00a0Laquais\u00a0\u00bb, \u00ab\u00a0sbires\u00a0\u00bb, personnes aux \u00ab\u00a0r\u00e9flexes staliniens\u00a0\u00bb\u2026 Le 2\u00a0avril dernier, J\u00e9r\u00e9mie Assous l\u2019avocat de G\u00e9rard Depardieu n\u2019a pas m\u00e2ch\u00e9&hellip;\n","protected":false},"author":2,"featured_media":155539,"comment_status":"","ping_status":"","sticky":false,"template":"","format":"standard","meta":{"footnotes":""},"categories":[8],"tags":[58,59,1011,27,5553,4048],"class_list":{"0":"post-155538","1":"post","2":"type-post","3":"status-publish","4":"format-standard","5":"has-post-thumbnail","7":"category-divertissement","8":"tag-divertissement","9":"tag-entertainment","10":"tag-fr","11":"tag-france","12":"tag-le-parisien","13":"tag-presse"},"share_on_mastodon":{"url":"https:\/\/pubeurope.com\/@fr\/114634308005477638","error":""},"_links":{"self":[{"href":"https:\/\/www.europesays.com\/fr\/wp-json\/wp\/v2\/posts\/155538","targetHints":{"allow":["GET"]}}],"collection":[{"href":"https:\/\/www.europesays.com\/fr\/wp-json\/wp\/v2\/posts"}],"about":[{"href":"https:\/\/www.europesays.com\/fr\/wp-json\/wp\/v2\/types\/post"}],"author":[{"embeddable":true,"href":"https:\/\/www.europesays.com\/fr\/wp-json\/wp\/v2\/users\/2"}],"replies":[{"embeddable":true,"href":"https:\/\/www.europesays.com\/fr\/wp-json\/wp\/v2\/comments?post=155538"}],"version-history":[{"count":0,"href":"https:\/\/www.europesays.com\/fr\/wp-json\/wp\/v2\/posts\/155538\/revisions"}],"wp:featuredmedia":[{"embeddable":true,"href":"https:\/\/www.europesays.com\/fr\/wp-json\/wp\/v2\/media\/155539"}],"wp:attachment":[{"href":"https:\/\/www.europesays.com\/fr\/wp-json\/wp\/v2\/media?parent=155538"}],"wp:term":[{"taxonomy":"category","embeddable":true,"href":"https:\/\/www.europesays.com\/fr\/wp-json\/wp\/v2\/categories?post=155538"},{"taxonomy":"post_tag","embeddable":true,"href":"https:\/\/www.europesays.com\/fr\/wp-json\/wp\/v2\/tags?post=155538"}],"curies":[{"name":"wp","href":"https:\/\/api.w.org\/{rel}","templated":true}]}}