{"id":155544,"date":"2025-06-06T03:33:11","date_gmt":"2025-06-06T03:33:11","guid":{"rendered":"https:\/\/www.europesays.com\/fr\/155544\/"},"modified":"2025-06-06T03:33:11","modified_gmt":"2025-06-06T03:33:11","slug":"larmee-russe-replique-fort-macron-sagace-et-lacces-a-la-mer-noire-menace","status":"publish","type":"post","link":"https:\/\/www.europesays.com\/fr\/155544\/","title":{"rendered":"L\u2019arm\u00e9e russe r\u00e9plique fort, Macron s\u2019agace et l\u2019acc\u00e8s \u00e0 la mer Noire menac\u00e9"},"content":{"rendered":"<p>Vous avez rat\u00e9 les derniers \u00e9v\u00e9nements sur la <a href=\"https:\/\/www.20minutes.fr\/monde\/ukraine\/\" class=\"color-ultramarine c-link\" target=\"_blank\" rel=\"noopener\">guerre en Ukraine<\/a>\u00a0? 20 Minutes fait le point pour vous tous les soirs. Voici l\u2019essentiel de ce jeudi 5\u00a0juin 2025, 1.198e jour du conflit.<\/p>\n<p>Le fait du jour<\/p>\n<p>Une nouvelle attaque de drones russe a fait au moins cinq morts et de nombreux d\u00e9g\u00e2ts mat\u00e9riels dans la nuit de mercredi \u00e0 jeudi dans le centre de l\u2019Ukraine, au lendemain d\u2019une conversation entre Donald Trump et <a href=\"https:\/\/www.20minutes.fr\/monde\/vladimir_poutine\/\" class=\"color-ultramarine c-link\" target=\"_blank\" rel=\"noopener\">Vladimir Poutine<\/a> \u00e0 l\u2019issue de laquelle le pr\u00e9sident am\u00e9ricain a estim\u00e9 qu\u2019il n\u2019y aurait pas de \u00ab\u00a0paix imm\u00e9diate\u00a0\u00bb entre Kiev et Moscou.<\/p>\n<p>Comme si cela ne suffisait pas, Kharkiv, grande ville du nord-est proche de la fronti\u00e8re russe, a elle aussi \u00e9t\u00e9 bombard\u00e9e par des drones russes t\u00f4t ce jeudi, le premier bilan faisant \u00e9tat d\u2019une vingtaine de bless\u00e9s.<\/p>\n<p><a href=\"https:\/\/www.20minutes.fr\/dossier\/donald_trump\" class=\"color-ultramarine c-link\" target=\"_blank\" rel=\"noopener\">Donald Trump<\/a> assure pourtant avoir demand\u00e9 \u00e0 Vladimir Poutine de ne pas r\u00e9pondre \u00e0 la <a href=\"https:\/\/www.20minutes.fr\/monde\/ukraine\/4156505-20250602-guerre-ukraine-operation-toile-araignee-coup-dur-humiliant-russie\" target=\"_blank\" class=\"color-ultramarine c-link\" rel=\"noopener\">spectaculaire attaque de drones <\/a>lanc\u00e9e par l\u2019Ukraine le week-end dernier sur plusieurs a\u00e9rodromes russes. \u00ab\u00a0J\u2019ai dit [\u00e0 Vladimir Poutine]\u00a0: \u00ab\u00a0Ne le faites pas. Vous ne devriez pas le faire. Vous devriez arr\u00eater\u00a0\u00bb. Mais encore une fois, il y a beaucoup de haine [entre l\u2019Ukraine et la Russie]\u00a0\u00bb, a d\u00e9clar\u00e9 le pr\u00e9sident am\u00e9ricain \u00e0 l\u2019occasion d\u2019une visite du chancelier allemand \u00e0 la Maison-Blanche.<\/p>\n<p>La d\u00e9claration du jour<\/p>\n<blockquote class=\"mx-m@xs mx-xxl@md color-ultramarine c-citation\">\n<p class=\"font-weight-regular@xs text-italic font-source-serif-pro text-l@xs c-citation__content\">\u00ab\u00a0Il y a un agresseur, c\u2019est la Russie. Il y a un agress\u00e9 qui est l\u2019Ukraine. Nous voulons tous la paix, mais on ne peut pas traiter les deux bellig\u00e9rants de mani\u00e8re \u00e9quidistante\u00a0\u00bb<\/p>\n<\/blockquote>\n<p>Les paroles sont sign\u00e9es Emmanuel Macron ce jeudi. Le pr\u00e9sident fran\u00e7ais, qui recevait <a href=\"https:\/\/www.20minutes.fr\/dossier\/lula\" class=\"color-ultramarine c-link\" target=\"_blank\" rel=\"noopener\">Lula<\/a> \u00e0 Paris, a \u00e9gratign\u00e9 l\u2019attitude de neutralit\u00e9 vis-\u00e0-vis de la guerre en Ukraine observ\u00e9e par le pr\u00e9sident br\u00e9silien.<\/p>\n<p>En conf\u00e9rence de presse, <a href=\"https:\/\/www.20minutes.fr\/politique\/emmanuel-macron\/\" class=\"color-ultramarine c-link\" target=\"_blank\" rel=\"noopener\">Emmanuel Macron<\/a> a demand\u00e9 que les bellig\u00e9rants russe et ukrainiens ne soient pas mis sur le m\u00eame plan, tout en soulignant que le <a href=\"https:\/\/www.20minutes.fr\/dossier\/bresil\" class=\"color-ultramarine c-link\" target=\"_blank\" rel=\"noopener\">Br\u00e9sil<\/a> avait \u00ab\u00a0un r\u00f4le tr\u00e8s important \u00e0 jouer\u00a0\u00bb dans la recherche d\u2019une solution au conflit.<\/p>\n<\/p>\n<p>Le chiffre du jour<\/p>\n<p>2. C\u2019est le nombre de personnes, gri\u00e8vement bless\u00e9es mercredi dans une attaque russe contre un terrain d\u2019entra\u00eenement militaire dans le centre de l\u2019Ukraine, qui ont finalement succomb\u00e9 \u00e0 leurs blessures jeudi, a fait savoir l\u2019arm\u00e9e ukrainienne.<\/p>\n<p>Dimanche, un tir de missile russe avait d\u00e9j\u00e0 provoqu\u00e9 la mort de 12 soldats et fait 60 bless\u00e9s dans leurs rangs sur un terrain d\u2019entra\u00eenement dans la r\u00e9gion de Dnipropetrovsk, \u00e9galement dans le centre de l\u2019Ukraine.<\/p>\n<p>La tendance<\/p>\n<p>Un haut responsable ukrainien a averti mercredi les <a href=\"https:\/\/www.20minutes.fr\/monde\/etats-unis\/\" class=\"color-ultramarine c-link\" target=\"_blank\" rel=\"noopener\">Etats-Unis<\/a> que l\u2019arm\u00e9e russe pr\u00e9parait des avanc\u00e9es militaires importantes en\u00a02026, dont un barrage de l\u2019acc\u00e8s ukrainien \u00e0 la mer Noire, crucial pour Kiev. En visite \u00e0 Washington, le colonel et chef adjoint de l\u2019administration pr\u00e9sidentielle Pavlo Palissa a pr\u00e9sent\u00e9 ce qu\u2019il a d\u00e9crit comme des conclusions des renseignements militaires ukrainiens.<\/p>\n<p>La Russie aurait pour objectif de s\u2019emparer d\u2019ici fin septembre de l\u2019enti\u00e8ret\u00e9 des r\u00e9gions orientales de <a href=\"https:\/\/www.20minutes.fr\/dossier\/donetsk\" class=\"color-ultramarine c-link\" target=\"_blank\" rel=\"noopener\">Donetsk<\/a> et Lougansk, dont Moscou revendique l\u2019annexion. Et d\u2019ici la fin de l\u2019ann\u00e9e, la Russie souhaite \u00e9tablir une zone tampon frontali\u00e8re, a-t-il ajout\u00e9. \u00ab\u00a0Ils ont m\u00eame des projets pour\u00a02026. Le projet pour l\u2019an prochain consiste \u00e0 occuper toute la partie de l\u2019Ukraine qui est situ\u00e9e sur la rive gauche du fleuve Dniepr.\u00a0\u00bb<\/p>\n<p><a href=\"https:\/\/www.20minutes.fr\/monde\/ukraine\/\" class=\"c-link c-btn c-btn--primary\" target=\"_blank\" rel=\"noopener\">Notre dossier sur la guerre en Ukraine<\/a><\/p>\n<p>Le Dniepr traverse la capitale, Kiev, et se jette dans la mer Noire, partageant de fait en deux le pays, envahi par la Russie depuis le 24\u00a0f\u00e9vrier 2022. Moscou cherche aussi \u00e0 occuper les r\u00e9gions m\u00e9ridionales d\u2019<a href=\"https:\/\/www.20minutes.fr\/dossier\/odessa\" class=\"color-ultramarine c-link\" target=\"_blank\" rel=\"noopener\">Odessa<\/a> et Mykola\u00efv afin de \u00ab\u00a0couper l\u2019acc\u00e8s de l\u2019Ukraine \u00e0 la mer Noire\u00a0\u00bb, a ajout\u00e9 le haut responsable, sans pr\u00e9ciser les sources de ces affirmations.<\/p>\n","protected":false},"excerpt":{"rendered":"Vous avez rat\u00e9 les derniers \u00e9v\u00e9nements sur la guerre en Ukraine\u00a0? 20 Minutes fait le point pour vous&hellip;\n","protected":false},"author":2,"featured_media":155545,"comment_status":"","ping_status":"","sticky":false,"template":"","format":"standard","meta":{"footnotes":""},"categories":[5],"tags":[47,11,2548,13469,1073,1011,27,131,14,4998,19363,74,1916,12,136,132,135,134,2744,28],"class_list":{"0":"post-155544","1":"post","2":"type-post","3":"status-publish","4":"format-standard","5":"has-post-thumbnail","7":"category-international","8":"tag-actualite","9":"tag-actualites","10":"tag-bresil","11":"tag-crimee","12":"tag-emmanuel-macron","13":"tag-fr","14":"tag-france","15":"tag-guerre-en-ukraine","16":"tag-international","17":"tag-kremlin","18":"tag-lula","19":"tag-monde","20":"tag-moscou","21":"tag-news","22":"tag-otan","23":"tag-russie","24":"tag-vladimir-poutine","25":"tag-volodymyr-zelensky","26":"tag-washington","27":"tag-world"},"share_on_mastodon":{"url":"https:\/\/pubeurope.com\/@fr\/114634319763014027","error":""},"_links":{"self":[{"href":"https:\/\/www.europesays.com\/fr\/wp-json\/wp\/v2\/posts\/155544","targetHints":{"allow":["GET"]}}],"collection":[{"href":"https:\/\/www.europesays.com\/fr\/wp-json\/wp\/v2\/posts"}],"about":[{"href":"https:\/\/www.europesays.com\/fr\/wp-json\/wp\/v2\/types\/post"}],"author":[{"embeddable":true,"href":"https:\/\/www.europesays.com\/fr\/wp-json\/wp\/v2\/users\/2"}],"replies":[{"embeddable":true,"href":"https:\/\/www.europesays.com\/fr\/wp-json\/wp\/v2\/comments?post=155544"}],"version-history":[{"count":0,"href":"https:\/\/www.europesays.com\/fr\/wp-json\/wp\/v2\/posts\/155544\/revisions"}],"wp:featuredmedia":[{"embeddable":true,"href":"https:\/\/www.europesays.com\/fr\/wp-json\/wp\/v2\/media\/155545"}],"wp:attachment":[{"href":"https:\/\/www.europesays.com\/fr\/wp-json\/wp\/v2\/media?parent=155544"}],"wp:term":[{"taxonomy":"category","embeddable":true,"href":"https:\/\/www.europesays.com\/fr\/wp-json\/wp\/v2\/categories?post=155544"},{"taxonomy":"post_tag","embeddable":true,"href":"https:\/\/www.europesays.com\/fr\/wp-json\/wp\/v2\/tags?post=155544"}],"curies":[{"name":"wp","href":"https:\/\/api.w.org\/{rel}","templated":true}]}}