{"id":155553,"date":"2025-06-06T03:38:53","date_gmt":"2025-06-06T03:38:53","guid":{"rendered":"https:\/\/www.europesays.com\/fr\/155553\/"},"modified":"2025-06-06T03:38:53","modified_gmt":"2025-06-06T03:38:53","slug":"des-voitures-vandalisees-en-pleine-nuit-dans-le-centre-de-maxeville","status":"publish","type":"post","link":"https:\/\/www.europesays.com\/fr\/155553\/","title":{"rendered":"des voitures vandalis\u00e9es en pleine nuit dans le centre de Max\u00e9ville"},"content":{"rendered":"<p>Tensions autour de la s\u00e9curit\u00e9 \u00e0 <a href=\"https:\/\/www.estrepublicain.fr\/recherche?q=Max%C3%A9ville&amp;x=0&amp;y=0&amp;x=1&amp;y=1\" target=\"_blank\" rel=\"noopener\">Max\u00e9ville<\/a>. Depuis plusieurs semaines, le centre-ville de Max\u00e9ville est le th\u00e9\u00e2tre d\u2019une d\u00e9linquance qui perturbe la vie des habitants.<\/p>\n<p>Dans la nuit du 4 au 5\u00a0juin, deux voitures ont \u00e9t\u00e9 vandalis\u00e9es rue de Verdun, dans le quartier Solvay de Max\u00e9ville.<\/p>\n<p>En se r\u00e9veillant ce jeudi, les propri\u00e9taires n\u2019ont pu que constater les d\u00e9g\u00e2ts. Les auteurs ont pulv\u00e9ris\u00e9 les vitres des v\u00e9hicules, mais sans rien d\u00e9rober \u00e0 l\u2019int\u00e9rieur a priori.<\/p>\n<p>Ce contenu est bloqu\u00e9 car vous n&rsquo;avez pas accept\u00e9 les cookies et autres traceurs.<\/p>\n<p>En cliquant sur \u00ab J\u2019accepte \u00bb, les cookies et autres traceurs seront d\u00e9pos\u00e9s et vous pourrez visualiser les contenus  (<a href=\"\" class=\"consentModule_policy\" target=\"_blank\" title=\"Consulter la politique de protection des donn\u00e9es du fournisseur\">plus d&rsquo;informations<\/a>).<\/p>\n<p>En cliquant sur \u00ab J\u2019accepte tous les cookies \u00bb, vous autorisez des d\u00e9p\u00f4ts de cookies et autres traceurs pour le stockage de vos donn\u00e9es sur nos sites et applications \u00e0 des fins de personnalisation et de ciblage publicitaire.<\/p>\n<p class=\"consentModule_secondaryText\">Vous gardez la possibilit\u00e9 de retirer votre consentement \u00e0 tout moment en consultant notre <a href=\"https:\/\/www.estrepublicain.fr\/protection-des-donnees\" target=\"_blank\" title=\"Consulter notre politique de protection des donn\u00e9es\" rel=\"noopener\">politique de protection des donn\u00e9es<\/a>. <br \/>&#13;<br \/>\n            <a href=\"https:\/\/www.estrepublicain.fr\/faits-divers-justice\/2025\/06\/05\/javascript:Didomi.notice.show()\" class=\"consentModule_cmp\" target=\"_blank\" rel=\"noopener\">G\u00e9rer mes choix<\/a>&#13;\n        <\/p>\n<p>&#13;<br \/>\n                        J&rsquo;accepte&#13;<br \/>\n            J&rsquo;accepte tous les cookies&#13;\n        <\/p>\n<p>  Plaintes<\/p>\n<p>\u00ab\u00a0On ne vit plus tranquille l\u00e0, il y a en marre, cela suffit\u00a0\u00bb, pestait le propri\u00e9taire d\u2019une des voitures ce jeudi matin, qui s\u2019appr\u00eatait \u00e0 rejoindre le commissariat \u00e0 Nancy, boulevard Lobau, pour porter plainte.<\/p>\n<p>Ces atteintes aux biens font suite \u00e0 plusieurs vols d\u2019ampleur, vols de bijoux et de pneus de berline notamment, survenus il y a une dizaine de jours, non loin de l\u00e0.<\/p>\n<p>Mardi 27\u00a0mai, le maire de la commune, <a href=\"https:\/\/www.estrepublicain.fr\/politique\/2024\/05\/04\/christophe-choserot-maire-de-tous-les-extremes\" target=\"_blank\" rel=\"noopener\">Christophe Choserot<\/a> , a organis\u00e9 <a href=\"https:\/\/www.estrepublicain.fr\/societe\/2025\/05\/28\/securite-l-inquietude-des-habitants-des-quartiers-folies-et-solvay\" target=\"_blank\" rel=\"noopener\">une r\u00e9union sur la s\u00e9curit\u00e9 dans les quartiers Solvay et Folies<\/a>. Une cinquantaine de personnes ont particip\u00e9 aux \u00e9changes qui ont dur\u00e9 pr\u00e8s de deux heures.<\/p>\n<p>  Patrouilles de nuit<\/p>\n<p>Lors de cette r\u00e9union, l\u2019\u00e9lu a promis, tout en incitant les habitants \u00e0 se prot\u00e9ger davantage eux-m\u00eames (alarmes, <a href=\"https:\/\/www.estrepublicain.fr\/sport\/2024\/07\/29\/operation-tranquillite-vacances-une-option-gratuite-et-rassurante-pour-l-ete\" target=\"_blank\" rel=\"noopener\">Op\u00e9ration Tranquillit\u00e9 vacances<\/a> \u2026), de renforcer la pr\u00e9sence des polices municipales et nationales sur le terrain, d\u2019acc\u00e9l\u00e9rer la pose de cam\u00e9ras dans l\u2019espace publique et remettre en place le dispositif \u00ab\u00a0Voisins solidaires et attentifs, avec des volontaires r\u00e9f\u00e9rents qui auront un contact direct avec la police\u00a0\u00bb.<\/p>\n<p>Contact\u00e9 ce jeudi 5\u00a0juin, Christophe Choserot ne cache pas son profond agacement\u00a0: \u00ab\u00a0Nous allons attraper les auteurs de ces faits. Les cam\u00e9ras vont \u00eatre install\u00e9es, on attend les autorisations de la pr\u00e9fecture. Et j\u2019installe des patrouilles de police municipale de nuit\u00a0!\u00a0\u00bb<\/p>\n","protected":false},"excerpt":{"rendered":"Tensions autour de la s\u00e9curit\u00e9 \u00e0 Max\u00e9ville. Depuis plusieurs semaines, le centre-ville de Max\u00e9ville est le th\u00e9\u00e2tre d\u2019une&hellip;\n","protected":false},"author":2,"featured_media":155554,"comment_status":"","ping_status":"","sticky":false,"template":"","format":"standard","meta":{"footnotes":""},"categories":[9635],"tags":[1111,11,271,272,1704,1777,674,274,1011,27,775,10061,10262,3457,1702,12,25,104],"class_list":{"0":"post-155553","1":"post","2":"type-post","3":"status-publish","4":"format-standard","5":"has-post-thumbnail","7":"category-nancy","8":"tag-actu","9":"tag-actualites","10":"tag-crime","11":"tag-delit-et-contravention","12":"tag-edition-nancy-et-agglomeration","13":"tag-eu","14":"tag-europe","15":"tag-faits-divers-justice","16":"tag-fr","17":"tag-france","18":"tag-grand-est","19":"tag-maxeville","20":"tag-metropole-du-grand-nancy-54b5","21":"tag-meurthe-et-moselle","22":"tag-nancy","23":"tag-news","24":"tag-republique-francaise","25":"tag-societe"},"share_on_mastodon":{"url":"https:\/\/pubeurope.com\/@fr\/114634343231281834","error":""},"_links":{"self":[{"href":"https:\/\/www.europesays.com\/fr\/wp-json\/wp\/v2\/posts\/155553","targetHints":{"allow":["GET"]}}],"collection":[{"href":"https:\/\/www.europesays.com\/fr\/wp-json\/wp\/v2\/posts"}],"about":[{"href":"https:\/\/www.europesays.com\/fr\/wp-json\/wp\/v2\/types\/post"}],"author":[{"embeddable":true,"href":"https:\/\/www.europesays.com\/fr\/wp-json\/wp\/v2\/users\/2"}],"replies":[{"embeddable":true,"href":"https:\/\/www.europesays.com\/fr\/wp-json\/wp\/v2\/comments?post=155553"}],"version-history":[{"count":0,"href":"https:\/\/www.europesays.com\/fr\/wp-json\/wp\/v2\/posts\/155553\/revisions"}],"wp:featuredmedia":[{"embeddable":true,"href":"https:\/\/www.europesays.com\/fr\/wp-json\/wp\/v2\/media\/155554"}],"wp:attachment":[{"href":"https:\/\/www.europesays.com\/fr\/wp-json\/wp\/v2\/media?parent=155553"}],"wp:term":[{"taxonomy":"category","embeddable":true,"href":"https:\/\/www.europesays.com\/fr\/wp-json\/wp\/v2\/categories?post=155553"},{"taxonomy":"post_tag","embeddable":true,"href":"https:\/\/www.europesays.com\/fr\/wp-json\/wp\/v2\/tags?post=155553"}],"curies":[{"name":"wp","href":"https:\/\/api.w.org\/{rel}","templated":true}]}}