{"id":155555,"date":"2025-06-06T03:39:17","date_gmt":"2025-06-06T03:39:17","guid":{"rendered":"https:\/\/www.europesays.com\/fr\/155555\/"},"modified":"2025-06-06T03:39:17","modified_gmt":"2025-06-06T03:39:17","slug":"lorraine-parcours-animations-tout-ce-quil-faut-savoir-sur-la-pride-2025-a-nancy-et-metz","status":"publish","type":"post","link":"https:\/\/www.europesays.com\/fr\/155555\/","title":{"rendered":"Lorraine. Parcours, animations&#8230; Tout ce qu\u2019il faut savoir sur la Pride 2025 \u00e0 Nancy et Metz"},"content":{"rendered":"<p>  A Nancy, le 7 juin<strong>Avant la marche\u00a0: un village associatif<\/strong><\/p>\n<p>A partir de 14 h, un village associatif ouvrira ses portes sur la place de la Carri\u00e8re.\u00a0Vous pourrez y rencontrer\u00a0les associations qui \u0153uvrent au quotidien <a href=\"https:\/\/www.estrepublicain.fr\/societe\/2025\/05\/17\/contre-la-lgbtphobie-le-drapeau-arc-en-ciel-flotte-sur-la-mairie\" target=\"_blank\" rel=\"noopener\">pour les droits des personnes LGBTQIA+<\/a>,\u00a0et soutenir les causes par des dons ou des achats solidaires. Boissons et goodies seront disponibles \u00e0 la vente.\u00a0<\/p>\n<p>Avant le d\u00e9part de la marche, des militants et militantes prendront la parole pour rappeler les enjeux de la lutte actuelle.<\/p>\n<p><strong>Pendant la marche : une Pride festive et\u00a0militante<\/strong><\/p>\n<p>Le d\u00e9part de la marche des fiert\u00e9s sera donn\u00e9\u00a0aux alentours de 15 h 30 depuis la place de la Carri\u00e8re. Le cort\u00e8ge\u00a0sillonnera les rues du centre-ville de Nancy\u00a0pour une boucle d\u2019une heure, de la vieille ville en passant par la rue des Quatre Eglises et la rue Saint-Jean.<\/p>\n<p>La marche est ouverte \u00e0 tous\u00a0et \u00e0 toutes, dans la bienveillance et le respect d&rsquo;autrui. <a href=\"https:\/\/www.estrepublicain.fr\/societe\/2025\/06\/03\/gay-pride-2025-une-fete-certes-mais-toujours-un-combat\" target=\"_blank\" rel=\"noopener\">Le mot d&rsquo;ordre de cette Pride 2025<\/a> : \u00ab vos id\u00e9es r\u00e9gressent, nos combats continuent. \u00bb<\/p>\n<p>Pour que \u00ab\u00a0chacun\u00b7e puisse marcher avec fiert\u00e9 et s\u00e9curit\u00e9, aux c\u00f4t\u00e9s de celles et ceux qui partagent ses luttes\u00a0\u00bb, les cort\u00e8ges suivront un ordre bien pr\u00e9cis. En t\u00eate de de la marche : les personnes en situation de handicap, puis viendront les rangs militants, les trans, les queers racis\u00e9.e.s, les bi et pan, un char anim\u00e9 de la DJ Drag Nika\u00efa et\u00a0enfin le cort\u00e8ge g\u00e9n\u00e9raliste.\u00a0<\/p>\n<p>Pancartes, drapeaux arc-en-ciel, slogans chant\u00e9s et dans\u00e9s\u00a0sont \u00e9videmment les bienvenus.\u00a0<\/p>\n<p>  <strong>Apr\u00e8s la marche : un after de folie \u00e0 L&rsquo;Autre Canal\u00a0<\/strong><\/p>\n<p>La f\u00eate\u00a0se poursuit \u00e0 L&rsquo;Autre Canal pour la troisi\u00e8me \u00e9dition\u00a0de l\u2019After Pride Nancy \u00e0 partir de 22 h. Drag shows, cabaret, concerts et DJ sets&#8230; des artistes queers venus des quatre coins de France feront partie de la programmation. Avec une t\u00eate d&rsquo;affiche exceptionnelle : la c\u00e9l\u00e8bre DJ Barbara Butch,\u00a0ic\u00f4ne incontournable.\u00a0\u00a0<\/p>\n<p>  A Metz, le 14 juin<strong>Avant la marche\u00a0: DJ set, drag show et village associatif<\/strong><\/p>\n<p>Organis\u00e9e depuis <a href=\"https:\/\/www.republicain-lorrain.fr\/societe\/2024\/06\/15\/metz-retour-en-images-sur-la-21e-marche-des-fiertes-lgbt-de-l-association-couleurs-gaies\" target=\"_blank\" rel=\"noopener\">plus de 20 ans par l&rsquo;association Couleurs Gaies<\/a>, la Pride de Metz est un \u00e9v\u00e9nement incontournable\u00a0pour la communaut\u00e9 LGBTQI+ de la r\u00e9gion. Cette ann\u00e9e encore, l&rsquo;\u00e9v\u00e9nement s&rsquo;annonce rythm\u00e9 par de nombreuses animations.<\/p>\n<p>Avant le d\u00e9but de la marche,\u00a0rendez-vous \u00e0 13 h sur l&rsquo;Esplanade de Metz pour l\u2019ouverture du village associatif avec un DJ set \u00ab Before Pride \u00bb par le Messin K\u00e9vin Fauvel. Une boutique de goodies LGBTQI+ et une buvette seront aussi de la partie.<\/p>\n<p>A 14 h 30, ne manquez pas le drag show\u00a0avec Lova Ladiva, star de Drag Race France, accompagn\u00e9e de drags locaux\u00a0et locales : Monarque, Dark Sasuke, Samantha et Art\u00e9mis.\u00a0<\/p>\n<p>  Pendant la marche\u00a0: chars et DJ sets<\/p>\n<p>La marche des fiert\u00e9s d\u00e9butera \u00e0 15 h 30 depuis l&rsquo;Esplanade. Deux chars accompagneront le cort\u00e8ge avec \u00e0 leur bord deux DJ,\u00a0 Kharif et Andrew Wyde, pour faire danser les participants dans les rues de Metz.<\/p>\n<p>La marche est ouverte \u00e0 toutes et tous, que vous soyez concern\u00e9 directement ou que vous souhaitiez montrer votre solidarit\u00e9. Le slogan de\u00a0cette ann\u00e9e : \u00ab Dans la loi comme sur le terrain, les discriminations ne marqueront aucun point \u00bb.<\/p>\n<p>  Apr\u00e8s la marche\u00a0: ap\u00e9ro et after aux Frigos<\/p>\n<p>Pour\u00a0prolonger cette journ\u00e9e haute en couleurs,\u00a0la f\u00eate continue \u00e0 18 h, toujours sur l&rsquo;Esplanade, lors d&rsquo;un ap\u00e9ro avec un DJ set\u00a0propos\u00e9 par Mademoisell\u2019Emy.<\/p>\n<p>Et pour finir la c\u00e9l\u00e9bration en beaut\u00e9,\u00a0la f\u00eate se d\u00e9place\u00a0aux Frigos \u00e0 partir de 21 h pour un after\u00a0avec la DJ\u00a0Anna Kale.<\/p>\n","protected":false},"excerpt":{"rendered":"A Nancy, le 7 juinAvant la marche\u00a0: un village associatif A partir de 14 h, un village associatif&hellip;\n","protected":false},"author":2,"featured_media":155556,"comment_status":"","ping_status":"","sticky":false,"template":"","format":"standard","meta":{"footnotes":""},"categories":[9635],"tags":[1111,11,1707,1704,1706,1705,1777,674,6757,107,1011,27,775,3457,1702,12,3456,25,273,104,1631],"class_list":{"0":"post-155555","1":"post","2":"type-post","3":"status-publish","4":"format-standard","5":"has-post-thumbnail","7":"category-nancy","8":"tag-actu","9":"tag-actualites","10":"tag-edition-luneville","11":"tag-edition-nancy-et-agglomeration","12":"tag-edition-pont-a-mousson","13":"tag-edition-toul","14":"tag-eu","15":"tag-europe","16":"tag-feminisme","17":"tag-fil-info","18":"tag-fr","19":"tag-france","20":"tag-grand-est","21":"tag-meurthe-et-moselle","22":"tag-nancy","23":"tag-news","24":"tag-region-lorraine","25":"tag-republique-francaise","26":"tag-selection-de-la-redaction","27":"tag-societe","28":"tag-vie-associative"},"share_on_mastodon":{"url":"https:\/\/pubeurope.com\/@fr\/114634343327830232","error":""},"_links":{"self":[{"href":"https:\/\/www.europesays.com\/fr\/wp-json\/wp\/v2\/posts\/155555","targetHints":{"allow":["GET"]}}],"collection":[{"href":"https:\/\/www.europesays.com\/fr\/wp-json\/wp\/v2\/posts"}],"about":[{"href":"https:\/\/www.europesays.com\/fr\/wp-json\/wp\/v2\/types\/post"}],"author":[{"embeddable":true,"href":"https:\/\/www.europesays.com\/fr\/wp-json\/wp\/v2\/users\/2"}],"replies":[{"embeddable":true,"href":"https:\/\/www.europesays.com\/fr\/wp-json\/wp\/v2\/comments?post=155555"}],"version-history":[{"count":0,"href":"https:\/\/www.europesays.com\/fr\/wp-json\/wp\/v2\/posts\/155555\/revisions"}],"wp:featuredmedia":[{"embeddable":true,"href":"https:\/\/www.europesays.com\/fr\/wp-json\/wp\/v2\/media\/155556"}],"wp:attachment":[{"href":"https:\/\/www.europesays.com\/fr\/wp-json\/wp\/v2\/media?parent=155555"}],"wp:term":[{"taxonomy":"category","embeddable":true,"href":"https:\/\/www.europesays.com\/fr\/wp-json\/wp\/v2\/categories?post=155555"},{"taxonomy":"post_tag","embeddable":true,"href":"https:\/\/www.europesays.com\/fr\/wp-json\/wp\/v2\/tags?post=155555"}],"curies":[{"name":"wp","href":"https:\/\/api.w.org\/{rel}","templated":true}]}}