{"id":15556,"date":"2025-04-10T17:58:12","date_gmt":"2025-04-10T17:58:12","guid":{"rendered":"https:\/\/www.europesays.com\/fr\/15556\/"},"modified":"2025-04-10T17:58:12","modified_gmt":"2025-04-10T17:58:12","slug":"manchester-united-a-quelle-heure-et-sur-quelle-chaine-regarder-le-match-ce-jeudi","status":"publish","type":"post","link":"https:\/\/www.europesays.com\/fr\/15556\/","title":{"rendered":"Manchester United : \u00c0 quelle heure et sur quelle cha\u00eene regarder le match ce jeudi ?"},"content":{"rendered":"<p>Depuis l\u2019arriv\u00e9e de Paulo Fonseca sur le banc, l<a href=\"https:\/\/www.20minutes.fr\/sport\/ol\/\" target=\"_blank\" class=\"color-ultramarine c-link\" rel=\"noopener\">\u2019OL<\/a> revit. 8 victoires sur les 10 derniers matchs et une belle remont\u00e9e au classement en championnat. Mais cette fois, l\u2019heure est \u00e0 l\u2019Europe, avec une affiche de gala face \u00e0 Manchester United en vue d\u2019une place en demi-finales de Ligue Europa. Les Gones pourront s\u2019appuyer sur leur solidit\u00e9 \u00e0 domicile. Ils ont remport\u00e9 leurs 4 derniers matchs au Parc OL. A l\u2019inverse, les Mancuniens ne sont pas tr\u00e8s \u00e0 l\u2019aise \u00e0 l\u2019ext\u00e9rieur o\u00f9 ils n\u2019ont gagn\u00e9 qu\u2019une fois sur leurs 5 derni\u00e8res rencontres. En 2008, les deux formations s\u2019affrontaient en 8e de Ligue des Champions. C\u2019est le soir qu\u2019avait choisi un certain Karim Benzema pour se pr\u00e9senter aux yeux du monde du football. Des ann\u00e9es apr\u00e8s, au tour de Ryan Cherki d\u2019enflammer le Rh\u00f4ne ? Au tour pr\u00e9c\u00e9dent, Manchester United avait \u00e9limin\u00e9 la Real Sociedad tandis que Lyon avait surclass\u00e9 Bucarest.<\/p>\n<p>\u00c0 quelle heure et sur quelle cha\u00eene regarder en direct le match Lyon &#8211; Manchester United ?<\/p>\n<p>Le match entre Lyon et Manchester United est diffus\u00e9 en direct sur CANAL +. Le coup d\u2019envoi du match est pr\u00e9vu \u00e0 21h00 en direct du Parc OL, le jeudi 10 avril. D\u00e8s la fin du match, retrouvez l\u2019\u00e9mission Soir d\u2019Europe pour revivre les moments forts de la soir\u00e9e de Ligue Europa. Pr\u00e9cisons que vous devez poss\u00e9der un abonnement payant \u00e0 CANAL + pour pouvoir regarder le contenu. <\/p>\n<p><a href=\"https:\/\/ad.doubleclick.net\/ddm\/trackclk\/N6600.143849.20MINUTES.FR\/B32944843.412602416;dc_trk_aid=604787476;dc_trk_cid=228480032;dc_lat=;dc_rdid=;tag_for_child_directed_treatment=;tfua=;gdpr=${GDPR};gdpr_consent=${GDPR_CONSENT_755};ltd=;dc_tdv=1\" rel=\"nofollow noopener\" target=\"_blank\" class=\"c-link c-btn c-btn--primary\">Profitez des offres CANAL 100% football<\/a><\/p>\n<p>Les compositions probables : <\/p>\n<p>Lyon : Perri &#8211; Maitland-Niles, Mata, Niakhat\u00e9, Tagliafico &#8211; Veretout (ou Matic), Tessmann &#8211; Cherki, Tolisso, Almada &#8211; Mikautadze.<\/p>\n<p>Manchester United : Onana &#8211; Yoro, Lindel\u00f6f, Mazraoui &#8211; Dalot, Casemiro, Ugarte, Dorgu &#8211; Bruno Fernandes, H\u00f6ljund, Garnacho.<\/p>\n<p>Diffusion Lyon &#8211; Manchester United : ce qu\u2019il faut savoir<\/p>\n<ul>\n<li>Le match Lyon &#8211; Manchester United a lieu jeudi 10 avril.<\/li>\n<li>La rencontre est diffus\u00e9e sur CANAL +.<\/li>\n<li>Le coup d\u2019envoi de ce match est pr\u00e9vu \u00e0 21h00.<\/li>\n<\/ul>\n","protected":false},"excerpt":{"rendered":"Depuis l\u2019arriv\u00e9e de Paulo Fonseca sur le banc, l\u2019OL revit. 8 victoires sur les 10 derniers matchs et&hellip;\n","protected":false},"author":2,"featured_media":15557,"comment_status":"","ping_status":"","sticky":false,"template":"","format":"standard","meta":{"footnotes":""},"categories":[1889],"tags":[1111,11,2430,677,1777,674,63,1011,27,676,5843,2428,3225,12,2853,25,517],"class_list":{"0":"post-15556","1":"post","2":"type-post","3":"status-publish","4":"format-standard","5":"has-post-thumbnail","7":"category-lyon","8":"tag-actu","9":"tag-actualites","10":"tag-auvergne-rhone-alpes","11":"tag-bons-plans","12":"tag-eu","13":"tag-europe","14":"tag-football","15":"tag-fr","16":"tag-france","17":"tag-guide-dachat","18":"tag-ligue-europa","19":"tag-lyon","20":"tag-manchester-united","21":"tag-news","22":"tag-olympique-lyonnais-ol","23":"tag-republique-francaise","24":"tag-sport"},"share_on_mastodon":{"url":"https:\/\/pubeurope.com\/@fr\/114314969331339978","error":""},"_links":{"self":[{"href":"https:\/\/www.europesays.com\/fr\/wp-json\/wp\/v2\/posts\/15556","targetHints":{"allow":["GET"]}}],"collection":[{"href":"https:\/\/www.europesays.com\/fr\/wp-json\/wp\/v2\/posts"}],"about":[{"href":"https:\/\/www.europesays.com\/fr\/wp-json\/wp\/v2\/types\/post"}],"author":[{"embeddable":true,"href":"https:\/\/www.europesays.com\/fr\/wp-json\/wp\/v2\/users\/2"}],"replies":[{"embeddable":true,"href":"https:\/\/www.europesays.com\/fr\/wp-json\/wp\/v2\/comments?post=15556"}],"version-history":[{"count":0,"href":"https:\/\/www.europesays.com\/fr\/wp-json\/wp\/v2\/posts\/15556\/revisions"}],"wp:featuredmedia":[{"embeddable":true,"href":"https:\/\/www.europesays.com\/fr\/wp-json\/wp\/v2\/media\/15557"}],"wp:attachment":[{"href":"https:\/\/www.europesays.com\/fr\/wp-json\/wp\/v2\/media?parent=15556"}],"wp:term":[{"taxonomy":"category","embeddable":true,"href":"https:\/\/www.europesays.com\/fr\/wp-json\/wp\/v2\/categories?post=15556"},{"taxonomy":"post_tag","embeddable":true,"href":"https:\/\/www.europesays.com\/fr\/wp-json\/wp\/v2\/tags?post=15556"}],"curies":[{"name":"wp","href":"https:\/\/api.w.org\/{rel}","templated":true}]}}