{"id":155560,"date":"2025-06-06T03:43:17","date_gmt":"2025-06-06T03:43:17","guid":{"rendered":"https:\/\/www.europesays.com\/fr\/155560\/"},"modified":"2025-06-06T03:43:17","modified_gmt":"2025-06-06T03:43:17","slug":"un-bar-a-chicha-et-une-epicerie-fermes-par-le-prefet","status":"publish","type":"post","link":"https:\/\/www.europesays.com\/fr\/155560\/","title":{"rendered":"un bar \u00e0 chicha et une \u00e9picerie ferm\u00e9s par le pr\u00e9fet"},"content":{"rendered":"<p>\n\t\t\t\t\tLe pr\u00e9fet de l&rsquo;H\u00e9rault annonce ce mercredi 4 juin la fermeture administrative de deux \u00e9tablissements \u00e0 Montpellier : une \u00e9picerie et un bar \u00e0 chicha.\t\t\t\t<\/p>\n<p>\n\t\t\t\t\t\t\t\t\t\u00a9 Pr\u00e9fet de l\u2019H\u00e9rault \u2013 nouvelle fermeture administrative.\t\t\t\t\t\t\t\t<\/p>\n<p>\t\t\t\t\t<a data-no-instant=\"1\" href=\"https:\/\/gard.fr\" rel=\"noopener nofollow\" class=\"a2t-link\" aria-label=\"001-image\" target=\"_blank\"><img decoding=\"async\" src=\"https:\/\/www.europesays.com\/fr\/wp-content\/uploads\/2025\/06\/001-image.jpeg\" alt=\"\"  \/><\/a><\/p>\n<p>Deux nouveaux \u00e9tablissements sont contraints de fermer leurs portes \u00e0 Montpellier, apr\u00e8s d\u00e9cision du <a href=\"https:\/\/www.herault.gouv.fr\/Services-de-l-Etat\/Prefecture-et-sous-prefectures\/Corps-prefectoral\" target=\"_blank\" rel=\"nofollow noopener\"><strong>pr\u00e9fet de l\u2019H\u00e9rault<\/strong><\/a>, <strong>Fran\u00e7ois-Xavier Lauch<\/strong>. Le premier commerce est le<strong> bar \u00e0 chicha \u00ab\u00a0Dark Lounge\u00a0\u00bb<\/strong>, situ\u00e9 19 rue Fr\u00e9d\u00e9ric Bazille. Plusieurs infractions ont \u00e9t\u00e9 constat\u00e9es dont la d\u00e9tention frauduleuse en vue de la revente de tabac, l\u2019absence de d\u00e9claration \u00e0 la SACEM, la pr\u00e9sence de table de jeux et personnes fumant en dehors du fumoir. Il \u00e9cope d\u2019une <strong>fermeture de trois mois<\/strong>.<\/p>\n<p>Quant au second d\u2019\u00e9tablissement, il s\u2019agit de <strong>l\u2019\u00e9picerie \u00ab\u00a0Mini Market la Rose du Sud\u00a0\u00bb<\/strong>, situ\u00e9e 183 rue de l\u2019industrie \u00e0 Montpellier, pour non respect des horaires d\u2019ouverture, en <a href=\"https:\/\/infoccitanie.fr\/montpellier-deux-epiceries-fermees-par-le-prefet\/\" rel=\"nofollow noopener\" target=\"_blank\"><strong>r\u00e9cidive<\/strong><\/a>. L\u2019\u00e9tablissement doit rester ferm\u00e9<strong> 21 jours<\/strong>.<\/p>\n<p><a data-no-instant=\"1\" href=\"https:\/\/festivaldenimes.com\/\" rel=\"noopener nofollow\" class=\"a2t-link\" aria-label=\"013-image\" target=\"_blank\"><img decoding=\"async\" src=\"https:\/\/www.europesays.com\/fr\/wp-content\/uploads\/2025\/06\/013-image.jpeg\" alt=\"\"  \/><\/a>\t\t\t\t<\/p>\n","protected":false},"excerpt":{"rendered":"Le pr\u00e9fet de l&rsquo;H\u00e9rault annonce ce mercredi 4 juin la fermeture administrative de deux \u00e9tablissements \u00e0 Montpellier :&hellip;\n","protected":false},"author":2,"featured_media":122581,"comment_status":"","ping_status":"","sticky":false,"template":"","format":"standard","meta":{"footnotes":""},"categories":[9599],"tags":[1111,11,1777,674,13624,1011,27,2208,12,2680,25],"class_list":{"0":"post-155560","1":"post","2":"type-post","3":"status-publish","4":"format-standard","5":"has-post-thumbnail","7":"category-montpellier","8":"tag-actu","9":"tag-actualites","10":"tag-eu","11":"tag-europe","12":"tag-fermeture-administrative","13":"tag-fr","14":"tag-france","15":"tag-montpellier","16":"tag-news","17":"tag-occitanie","18":"tag-republique-francaise"},"share_on_mastodon":{"url":"https:\/\/pubeurope.com\/@fr\/114634359275032096","error":""},"_links":{"self":[{"href":"https:\/\/www.europesays.com\/fr\/wp-json\/wp\/v2\/posts\/155560","targetHints":{"allow":["GET"]}}],"collection":[{"href":"https:\/\/www.europesays.com\/fr\/wp-json\/wp\/v2\/posts"}],"about":[{"href":"https:\/\/www.europesays.com\/fr\/wp-json\/wp\/v2\/types\/post"}],"author":[{"embeddable":true,"href":"https:\/\/www.europesays.com\/fr\/wp-json\/wp\/v2\/users\/2"}],"replies":[{"embeddable":true,"href":"https:\/\/www.europesays.com\/fr\/wp-json\/wp\/v2\/comments?post=155560"}],"version-history":[{"count":0,"href":"https:\/\/www.europesays.com\/fr\/wp-json\/wp\/v2\/posts\/155560\/revisions"}],"wp:featuredmedia":[{"embeddable":true,"href":"https:\/\/www.europesays.com\/fr\/wp-json\/wp\/v2\/media\/122581"}],"wp:attachment":[{"href":"https:\/\/www.europesays.com\/fr\/wp-json\/wp\/v2\/media?parent=155560"}],"wp:term":[{"taxonomy":"category","embeddable":true,"href":"https:\/\/www.europesays.com\/fr\/wp-json\/wp\/v2\/categories?post=155560"},{"taxonomy":"post_tag","embeddable":true,"href":"https:\/\/www.europesays.com\/fr\/wp-json\/wp\/v2\/tags?post=155560"}],"curies":[{"name":"wp","href":"https:\/\/api.w.org\/{rel}","templated":true}]}}