{"id":155575,"date":"2025-06-06T03:59:11","date_gmt":"2025-06-06T03:59:11","guid":{"rendered":"https:\/\/www.europesays.com\/fr\/155575\/"},"modified":"2025-06-06T03:59:11","modified_gmt":"2025-06-06T03:59:11","slug":"gironde-et-dordogne-nos-idees-sorties-du-week-end-5","status":"publish","type":"post","link":"https:\/\/www.europesays.com\/fr\/155575\/","title":{"rendered":"Gironde et Dordogne : nos id\u00e9es sorties du week-end"},"content":{"rendered":"<p><img decoding=\"async\" class=\"\" style=\"width:100%\" src=\"https:\/\/www.europesays.com\/fr\/wp-content\/uploads\/2025\/06\/hand_1850120_12801749135560498.jpg\" alt=\"DJ\"\/><\/p>\n<p>La premi\u00e8re \u00e9dition du Brunch Electronik \u00e0 Bordeaux a lieu ce week-end. <\/p>\n<p>Cr\u00e9dit : CC0 photo d&rsquo;illustration <\/p>\n<p style=\"font-weight: 400;\">\u00a0<\/p>\n<p><strong>La premi\u00e8re \u00e9dition de Brunch Electronik Bordeaux<\/strong><\/p>\n<p style=\"font-weight: 400;\">La place des Quinconces \u00e0 Bordeaux se transforme en une immense sc\u00e8ne pour accueillir des DJs internationaux. Ce week-end, c&rsquo;est la premi\u00e8re \u00e9dition\u00a0du Brunch Electronik Bordeaux. L\u2019\u00e9v\u00e8nement a d\u00e9j\u00e0 eu lieu \u00e0 Paris et Lyon l\u2019ann\u00e9e derni\u00e8re. Il vient conqu\u00e9rir la capitale girondine.<\/p>\n<p style=\"font-weight: 400;\">Un festival sur deux deux jours samedi et dimanche. 25 000 personnes sont attendues dans une ambiance in\u00e9dite de 13h \u00e0 23h. Le concept de ce festival, c\u2019est aussi un brunch qui est propos\u00e9 aux familles et aux enfants de 13h \u00e0 17h. \u00c0 retrouver sur place \u00e9galement,\u00a0des food trucks et des stands de cr\u00e9ateurs. <a href=\"https:\/\/shotgun.live\/fr\/festivals\/brunch-electronik-bordeaux-2025\" rel=\"noopener nofollow\" target=\"_blank\">Tarifs : \u00e0 partir de 49, 82 euros la journ\u00e9e<\/a>.<\/p>\n<p style=\"font-weight: 400;\">\u00a0<\/p>\n<p><strong>Un Open Air dans la cour de la fac<\/strong><\/p>\n<p style=\"font-weight: 400;\">Pour ceux qui aiment les DJ sets, un Open Air est aussi organis\u00e9 ce samedi \u00e0 Bordeaux. \u00c7a se passe Place de la Victoire, dans la cour de la fac, de 16h \u00e0 minuit. Des food trucks sur place. <a href=\"https:\/\/shotgun.live\/fr\/events\/atrium-open-air-by-biome\" rel=\"noopener nofollow\" target=\"_blank\">Tarifs : \u00e0 partir de 10,99 euros<\/a>.\u00a0<\/p>\n<p style=\"font-weight: 400;\">\u00a0<\/p>\n<p><strong>La finale de Championnat de Gironde de skateboard<\/strong><\/p>\n<p style=\"font-weight: 400;\">Toujours \u00e0 Bordeaux, dimanche sera organis\u00e9e la finale de Championnat de Gironde de skateboard. Une finale qui va rassembler les passionn\u00e9s de skate de tous les niveaux et de tous les \u00e2ges. C\u2019est gratuit pour le public et \u00e7a se passera de 10h \u00e0 19h sur le <a href=\"https:\/\/www.bordeaux.fr\/agenda\/championnat-de-gironde-finale-street-skateboard\" rel=\"noopener nofollow\" target=\"_blank\">skatepark des Chartrons<\/a>.<\/p>\n<p style=\"font-weight: 400;\">\u00a0<\/p>\n<p><strong>La F\u00eate de la Morue \u00e0 B\u00e8gles<\/strong><\/p>\n<p style=\"font-weight: 400;\">On ne la pr\u00e9sente plus. La F\u00eate de la Morue est de retour de ce vendredi et jusqu\u2019\u00e0 dimanche \u00e0 B\u00e8gles. C\u2019est la 29\u00e8me \u00e9dition cette ann\u00e9e. Au programme, comme tous les ans, des d\u00e9ambulations dans la ville, des concerts, des animations, des ateliers et des d\u00e9gustations. Tout le programme est \u00e0 retrouver <a href=\"https:\/\/www.fetedelamorue.com\" rel=\"noopener nofollow\" target=\"_blank\">sur le site de l&rsquo;\u00e9v\u00e8nement<\/a>.\u00a0<\/p>\n<p style=\"font-weight: 400;\">\u00a0<\/p>\n<p><strong>Pineuilh en F\u00eate<\/strong><\/p>\n<p style=\"font-weight: 400;\">La commune de Pineuilh sera \u00e9galement en f\u00eate ce week-end, dans les rues et sur les places du centre-ville, samedi et dimanche. Au programme, des concerts, des animations,\u00a0une brocante, des animations, un concours de p\u00e9tanque, une exposition de vieilles voitures. Des food trucks sur place pour manger. <a href=\"https:\/\/www.pineuilh.fr\/manifestations-pineuilh-gironde\" rel=\"noopener nofollow\" target=\"_blank\">C\u2019est gratuit et \u00e7a se passe samedi soir et toute la journ\u00e9e dimanche<\/a>.<\/p>\n<p style=\"font-weight: 400;\">\u00a0<\/p>\n<p><strong>Rendez-vous aux jardins\u00a0<\/strong><\/p>\n<p style=\"font-weight: 400;\">Ce week-end on nous donne \u00ab\u00a0Rendez-vous aux jardins\u00a0\u00bb. 279 jardins de Nouvelle-Aquitaine participent \u00e0 l\u2019\u00e9v\u00e8nement. Jardins priv\u00e9s ou publics ouvrent leurs portes et proposent des animations \u00e0 partir de ce vendredi et jusqu\u2019\u00e0 dimanche. Tout le programme est \u00e0 retrouver sur le site <a href=\"https:\/\/rendezvousauxjardins.culture.gouv.fr\" rel=\"noopener nofollow\" target=\"_blank\">du minist\u00e8re de la culture<\/a>.<\/p>\n<p style=\"font-weight: 400;\">\u00a0<\/p>\n<p style=\"font-weight: 400;\">\u00a0<\/p>\n<p style=\"font-weight: 400;\">\u00a0<\/p>\n","protected":false},"excerpt":{"rendered":"La premi\u00e8re \u00e9dition du Brunch Electronik \u00e0 Bordeaux a lieu ce week-end. Cr\u00e9dit : CC0 photo d&rsquo;illustration \u00a0&hellip;\n","protected":false},"author":2,"featured_media":155576,"comment_status":"","ping_status":"","sticky":false,"template":"","format":"standard","meta":{"footnotes":""},"categories":[2817],"tags":[1111,11,1997,18191,12666,14817,28586,1777,674,4768,1011,27,2905,3246,18621,12,2219,14813,28587,25,4886,1669],"class_list":{"0":"post-155575","1":"post","2":"type-post","3":"status-publish","4":"format-standard","5":"has-post-thumbnail","7":"category-bordeaux","8":"tag-actu","9":"tag-actualites","10":"tag-bordeaux","11":"tag-brunch","12":"tag-dj","13":"tag-dordogne","14":"tag-electronik","15":"tag-eu","16":"tag-europe","17":"tag-fete","18":"tag-fr","19":"tag-france","20":"tag-gironde","21":"tag-idees","22":"tag-jardins","23":"tag-news","24":"tag-nouvelle-aquitaine","25":"tag-open-air","26":"tag-pineuilh","27":"tag-republique-francaise","28":"tag-skate","29":"tag-sorties"},"share_on_mastodon":{"url":"https:\/\/pubeurope.com\/@fr\/114634421941909194","error":""},"_links":{"self":[{"href":"https:\/\/www.europesays.com\/fr\/wp-json\/wp\/v2\/posts\/155575","targetHints":{"allow":["GET"]}}],"collection":[{"href":"https:\/\/www.europesays.com\/fr\/wp-json\/wp\/v2\/posts"}],"about":[{"href":"https:\/\/www.europesays.com\/fr\/wp-json\/wp\/v2\/types\/post"}],"author":[{"embeddable":true,"href":"https:\/\/www.europesays.com\/fr\/wp-json\/wp\/v2\/users\/2"}],"replies":[{"embeddable":true,"href":"https:\/\/www.europesays.com\/fr\/wp-json\/wp\/v2\/comments?post=155575"}],"version-history":[{"count":0,"href":"https:\/\/www.europesays.com\/fr\/wp-json\/wp\/v2\/posts\/155575\/revisions"}],"wp:featuredmedia":[{"embeddable":true,"href":"https:\/\/www.europesays.com\/fr\/wp-json\/wp\/v2\/media\/155576"}],"wp:attachment":[{"href":"https:\/\/www.europesays.com\/fr\/wp-json\/wp\/v2\/media?parent=155575"}],"wp:term":[{"taxonomy":"category","embeddable":true,"href":"https:\/\/www.europesays.com\/fr\/wp-json\/wp\/v2\/categories?post=155575"},{"taxonomy":"post_tag","embeddable":true,"href":"https:\/\/www.europesays.com\/fr\/wp-json\/wp\/v2\/tags?post=155575"}],"curies":[{"name":"wp","href":"https:\/\/api.w.org\/{rel}","templated":true}]}}