{"id":155577,"date":"2025-06-06T04:00:15","date_gmt":"2025-06-06T04:00:15","guid":{"rendered":"https:\/\/www.europesays.com\/fr\/155577\/"},"modified":"2025-06-06T04:00:15","modified_gmt":"2025-06-06T04:00:15","slug":"sur-la-plage-du-lac-les-espaces-verts-pollues-aux-metaux-lourds-inquietent-les-riverains","status":"publish","type":"post","link":"https:\/\/www.europesays.com\/fr\/155577\/","title":{"rendered":"sur la plage du lac, les espaces verts pollu\u00e9s aux m\u00e9taux lourds inqui\u00e8tent les riverains"},"content":{"rendered":"<p>La plage de Bordeaux-Lac, o\u00f9 la baignade est autoris\u00e9e, a r\u00e9ouvert depuis dimanche. Mais des espaces alentour, o\u00f9 des traces de cadmium ont \u00e9t\u00e9 d\u00e9tect\u00e9es, ont \u00e9t\u00e9 cl\u00f4tur\u00e9s. Les riverains d\u00e9noncent un manque de \u00abtransparence\u00bb de la part de la mairie.<\/p>\n<p class=\"fig-paragraph\">\u00abEn raison de la pollution des sols, ces zones sont interdites d\u2019acc\u00e8s au public et aux animaux de compagnie. Cette cl\u00f4ture est install\u00e9e afin de pr\u00e9server la sant\u00e9 de tous.\u00bb Voil\u00e0 ce qu\u2019on peut lire sur des panneaux affich\u00e9s pr\u00e8s de la plage de\u00a0<a href=\"https:\/\/www.lefigaro.fr\/bordeaux\/a-bordeaux-les-travaux-sur-le-pont-de-pierre-sement-la-zizanie-apres-l-arret-de-la-circulation-des-tramways-20250604?msockid=258c4318a154643d05395665a0ed65f9\" target=\"_blank\" data-fig-type=\"NewsFlash\" rel=\"noopener\" data-gtm-custom-categorie=\"navigation\" data-gtm-custom-action=\"crossclick\" data-gtm-custom-label=\"Contextuel\" data-gtm-event=\"customEventSPE\" data-fig-domain=\"LEFIGARO\">Bordeaux<\/a>-Lac. Ce\u00a0<a href=\"https:\/\/figaronautisme.meteoconsult.fr\/actus-nautisme-escales\/2025-05-07\/77746-le-lac-leman-un-voyage-au-coeur-de-la-nature-et-de-lhistoire\" target=\"_blank\" rel=\"nofollow noopener\" data-gtm-custom-categorie=\"navigation\" data-gtm-custom-action=\"crossclick\" data-gtm-custom-label=\"Contextuel\" data-gtm-event=\"customEventSPE\">lac<\/a>\u00a0artificiel a \u00e9t\u00e9 construit dans les ann\u00e9es 1960, dans le cadre d\u2019un vaste projet d\u2019am\u00e9nagement urbain visant \u00e0 transformer une zone mar\u00e9cageuse en un quartier moderne et fonctionnel.<\/p>\n<p class=\"fig-paragraph\">En d\u00e9but d\u2019ann\u00e9e 2025, des travaux d\u2019am\u00e9nagement ont \u00e9t\u00e9 effectu\u00e9s dans la zone, entre le boulevard\u00a0<a href=\"https:\/\/www.lefigaro.fr\/histoire\/archives\/il-y-a-50-ans-chaban-delmas-lance-l-idee-d-une-nouvelle-societe-un-discours-quasi-presidentiel-20190913?msockid=258c4318a154643d05395665a0ed65f9\" target=\"_blank\" data-fig-type=\"Article\" rel=\"noopener\" data-gtm-custom-categorie=\"navigation\" data-gtm-custom-action=\"crossclick\" data-gtm-custom-label=\"Contextuel\" data-gtm-event=\"customEventSPE\" data-fig-domain=\"LEFIGARO\">Jacques Chaban-Delmas<\/a>, l\u2019avenue Marcel-Dassault et la \u00abPlage du Lac\u00bb. L\u2019entreprise Apave, groupe fran\u00e7ais sp\u00e9cialis\u00e9 dans les domaines de la ma\u00eetrise des risques, a d\u00e9couvert que des espaces verts \u00e9taient pollu\u00e9s \u00e0 certains m\u00e9taux lourds, notamment au cadmium.<\/p>\n<p>\u00abManque de transparence\u00bb<\/p>\n<p class=\"fig-paragraph\">Des informations qui ont imm\u00e9diatement alert\u00e9 et surtout inqui\u00e9t\u00e9 les habitants du quartier. \u00abD\u00e9but mars, on a \u00e9t\u00e9 mis devant le fait accompli. On s\u2019est dit\u00a0: d\u2019accord, il y a une pollution mise en \u00e9vidence lors des travaux. Mais, \u00e0 quoi est-ce d\u00fb\u00a0? On souhaitait plus d\u2019informations \u00e0 ce sujet. On parle tout de m\u00eame de notre sant\u00e9. Une r\u00e9union a eu lieu, fin avril, avec le maire, Pierre Hurmic. On a demand\u00e9 des explications. On veut savoir quand ont \u00e9t\u00e9 faits les pr\u00e9l\u00e8vements, quelles quantit\u00e9s ont \u00e9t\u00e9 retrouv\u00e9es&#8230; On n\u2019a pas eu de r\u00e9ponses. Un vrai manque de transparence, black-out total\u00a0!\u00bb, s\u2019insurge Isabelle Bertin, pr\u00e9sidente de l\u2019association des Habitants de l\u2019\u00e9coquartier Ginko, situ\u00e9 \u00e0 l\u2019est du plan d\u2019eau.<\/p>\n<p class=\"fig-paragraph\">Lundi 2 juin a eu lieu une r\u00e9union avec les habitants du quartier pour faire un point sur la situation, en pr\u00e9sence de Didier Jeanjean, adjoint au maire charg\u00e9 de la nature en ville et des quartiers apais\u00e9s. \u00abIl nous a dit que la plage \u00e9tait saine, que l\u2019eau du lac \u00e9tait saine, sans nous d\u00e9livrer aucune donn\u00e9e\u00a0! On ne remet surtout pas en cause la fermeture de ces espaces. Mais encore nous faudrait-il des \u00e9l\u00e9ments en toute transparence\u2026 Le lac est une zone creus\u00e9e et artificielle. On est en droit de se poser des questions\u00bb, explique la riveraine.<\/p>\n<p>Pollution du sol<\/p>\n<p class=\"fig-paragraph\">Contact\u00e9 par Le Figaro, Didier Jeanjean assure que la pollution constat\u00e9e \u00abn\u2019est pas une pollution d\u2019atmosph\u00e8re mais du sol\u00bb et qu\u2019il \u00abpourrait seulement y avoir un risque en cas d\u2019ingestion et d\u2019inhalation\u00bb. \u00abNous sommes donc dans l\u2019obligation de fermer l\u2019acc\u00e8s au public, m\u00eame si on sait que personne ne mangerait ou ne travaillerait la terre. Notre choix politique a donc \u00e9t\u00e9 de d\u00e9polluer les acc\u00e8s aux pelouses les plus utiles et les plus utilis\u00e9s autour du lac. Pour les autres, on a tout de suite cl\u00f4tur\u00e9 les espaces pollu\u00e9s et des petits panneaux ont \u00e9t\u00e9 install\u00e9s pour pr\u00e9venir les citoyens et \u00e9viter le danger\u00bb, ajoute l\u2019\u00e9lu.<\/p>\n<p class=\"fig-paragraph\">Une affaire dont s\u2019est empar\u00e9 Thomas Cazenave, pr\u00e9sident du groupe Renouveau Bordeaux et opposant \u00e0 la mairie. \u00abAu regard des risques majeurs que cette situation ferait peser sur la sant\u00e9 des riverains et des usagers du lac et de ses berges, il appara\u00eet, dans un souci de transparence Monsieur le Maire, indispensable de partager et publier l\u2019ensemble des informations \u00e0 votre disposition\u00a0: origine de cette pollution et rapport des pr\u00e9l\u00e8vements r\u00e9alis\u00e9s\u00bb, a-t-il \u00e9crit, dans une lettre envoy\u00e9e \u00e0 Pierre Hurmic, le 28 mai dernier.<\/p>\n<p class=\"fig-paragraph\">Didier Jeanjean, confirme ce jeudi au Figaro que le d\u00e9tail des analyses sera communiqu\u00e9 aux habitants prochainement.<\/p>\n","protected":false},"excerpt":{"rendered":"La plage de Bordeaux-Lac, o\u00f9 la baignade est autoris\u00e9e, a r\u00e9ouvert depuis dimanche. Mais des espaces alentour, o\u00f9&hellip;\n","protected":false},"author":2,"featured_media":155578,"comment_status":"","ping_status":"","sticky":false,"template":"","format":"standard","meta":{"footnotes":""},"categories":[2817],"tags":[1111,11,1997,2916,2911,2910,2915,2909,2904,2913,2912,2914,2906,2907,21659,1777,674,1011,27,2905,2908,28192,12,2219,1800,25],"class_list":{"0":"post-155577","1":"post","2":"type-post","3":"status-publish","4":"format-standard","5":"has-post-thumbnail","7":"category-bordeaux","8":"tag-actu","9":"tag-actualites","10":"tag-bordeaux","11":"tag-bordeaux-cauderan","12":"tag-bordeaux-centre-ville","13":"tag-bordeaux-chartrons-grand-parc-jardin-public","14":"tag-bordeaux-la-bastide","15":"tag-bordeaux-maritime","16":"tag-bordeaux-metropole","17":"tag-bordeaux-nansouty-st-genes","18":"tag-bordeaux-st-augustin-tauzin-alphonse-dupeux","19":"tag-bordeaux-sud","20":"tag-capitale-de-gaule","21":"tag-cathedrale-gothique-de-saint-andre","22":"tag-espaces-verts","23":"tag-eu","24":"tag-europe","25":"tag-fr","26":"tag-france","27":"tag-gironde","28":"tag-girondins-de-bordeaux","29":"tag-lac","30":"tag-news","31":"tag-nouvelle-aquitaine","32":"tag-pollution","33":"tag-republique-francaise"},"share_on_mastodon":{"url":"","error":"Validation failed: Text character limit of 500 exceeded"},"_links":{"self":[{"href":"https:\/\/www.europesays.com\/fr\/wp-json\/wp\/v2\/posts\/155577","targetHints":{"allow":["GET"]}}],"collection":[{"href":"https:\/\/www.europesays.com\/fr\/wp-json\/wp\/v2\/posts"}],"about":[{"href":"https:\/\/www.europesays.com\/fr\/wp-json\/wp\/v2\/types\/post"}],"author":[{"embeddable":true,"href":"https:\/\/www.europesays.com\/fr\/wp-json\/wp\/v2\/users\/2"}],"replies":[{"embeddable":true,"href":"https:\/\/www.europesays.com\/fr\/wp-json\/wp\/v2\/comments?post=155577"}],"version-history":[{"count":0,"href":"https:\/\/www.europesays.com\/fr\/wp-json\/wp\/v2\/posts\/155577\/revisions"}],"wp:featuredmedia":[{"embeddable":true,"href":"https:\/\/www.europesays.com\/fr\/wp-json\/wp\/v2\/media\/155578"}],"wp:attachment":[{"href":"https:\/\/www.europesays.com\/fr\/wp-json\/wp\/v2\/media?parent=155577"}],"wp:term":[{"taxonomy":"category","embeddable":true,"href":"https:\/\/www.europesays.com\/fr\/wp-json\/wp\/v2\/categories?post=155577"},{"taxonomy":"post_tag","embeddable":true,"href":"https:\/\/www.europesays.com\/fr\/wp-json\/wp\/v2\/tags?post=155577"}],"curies":[{"name":"wp","href":"https:\/\/api.w.org\/{rel}","templated":true}]}}