{"id":155585,"date":"2025-06-06T04:05:09","date_gmt":"2025-06-06T04:05:09","guid":{"rendered":"https:\/\/www.europesays.com\/fr\/155585\/"},"modified":"2025-06-06T04:05:09","modified_gmt":"2025-06-06T04:05:09","slug":"sans-papiers-letat-veut-creer-un-local-de-retention-administrative-a-la-capelette","status":"publish","type":"post","link":"https:\/\/www.europesays.com\/fr\/155585\/","title":{"rendered":"Sans-papiers\u00a0: l&rsquo;\u00c9tat veut cr\u00e9er un local de r\u00e9tention administrative \u00e0 la Capelette"},"content":{"rendered":"<p>\t    Sans-papiers\u00a0: l&rsquo;\u00c9tat veut cr\u00e9er un local de r\u00e9tention administrative \u00e0 la Capelette &#8211; Marsactu<\/p>\n<p>&#13;<br \/>\n\t\t&#13;<br \/>\n\t\tNous utilisons des cookies pour vous garantir la meilleure exp\u00e9rience sur notre site. Vous pouvez choisir de refuser les cookies.<a href=\"#\" id=\"cn-accept-cookie\" data-cookie-set=\"accept\" class=\"cn-set-cookie cn-button cn-button-custom button\" aria-label=\"J'accepte\">J&rsquo;accepte<\/a><a href=\"#\" id=\"cn-refuse-cookie\" data-cookie-set=\"refuse\" class=\"cn-set-cookie cn-button cn-button-custom button\" aria-label=\"Non\">Non<\/a><a href=\"https:\/\/marsactu.fr\/societe\/cgu\/\" target=\"_blank\" id=\"cn-more-info\" class=\"cn-more-info cn-button cn-button-custom button\" aria-label=\"En savoir plus\" rel=\"noopener\">En savoir plus<\/a><\/p>\n<p>\t\t&#13;<\/p>\n","protected":false},"excerpt":{"rendered":"Sans-papiers\u00a0: l&rsquo;\u00c9tat veut cr\u00e9er un local de r\u00e9tention administrative \u00e0 la Capelette &#8211; Marsactu &#13; &#13; Nous utilisons&hellip;\n","protected":false},"author":2,"featured_media":155586,"comment_status":"","ping_status":"","sticky":false,"template":"","format":"standard","meta":{"footnotes":""},"categories":[2814],"tags":[1111,11,4346,1777,674,1011,27,28588,884,12,28589,882,25,4772],"class_list":{"0":"post-155585","1":"post","2":"type-post","3":"status-publish","4":"format-standard","5":"has-post-thumbnail","7":"category-marseille","8":"tag-actu","9":"tag-actualites","10":"tag-cra","11":"tag-eu","12":"tag-europe","13":"tag-fr","14":"tag-france","15":"tag-lra","16":"tag-marseille","17":"tag-news","18":"tag-prefecturedesbouchesdurhone","19":"tag-provence-alpes-cote-dazur","20":"tag-republique-francaise","21":"tag-zalu"},"share_on_mastodon":{"url":"https:\/\/pubeurope.com\/@fr\/114634445537573810","error":""},"_links":{"self":[{"href":"https:\/\/www.europesays.com\/fr\/wp-json\/wp\/v2\/posts\/155585","targetHints":{"allow":["GET"]}}],"collection":[{"href":"https:\/\/www.europesays.com\/fr\/wp-json\/wp\/v2\/posts"}],"about":[{"href":"https:\/\/www.europesays.com\/fr\/wp-json\/wp\/v2\/types\/post"}],"author":[{"embeddable":true,"href":"https:\/\/www.europesays.com\/fr\/wp-json\/wp\/v2\/users\/2"}],"replies":[{"embeddable":true,"href":"https:\/\/www.europesays.com\/fr\/wp-json\/wp\/v2\/comments?post=155585"}],"version-history":[{"count":0,"href":"https:\/\/www.europesays.com\/fr\/wp-json\/wp\/v2\/posts\/155585\/revisions"}],"wp:featuredmedia":[{"embeddable":true,"href":"https:\/\/www.europesays.com\/fr\/wp-json\/wp\/v2\/media\/155586"}],"wp:attachment":[{"href":"https:\/\/www.europesays.com\/fr\/wp-json\/wp\/v2\/media?parent=155585"}],"wp:term":[{"taxonomy":"category","embeddable":true,"href":"https:\/\/www.europesays.com\/fr\/wp-json\/wp\/v2\/categories?post=155585"},{"taxonomy":"post_tag","embeddable":true,"href":"https:\/\/www.europesays.com\/fr\/wp-json\/wp\/v2\/tags?post=155585"}],"curies":[{"name":"wp","href":"https:\/\/api.w.org\/{rel}","templated":true}]}}