{"id":155589,"date":"2025-06-06T04:07:11","date_gmt":"2025-06-06T04:07:11","guid":{"rendered":"https:\/\/www.europesays.com\/fr\/155589\/"},"modified":"2025-06-06T04:07:11","modified_gmt":"2025-06-06T04:07:11","slug":"attention-la7-sera-encore-fermee-au-sud-de-lyon-entre-le-6-et-9-juin","status":"publish","type":"post","link":"https:\/\/www.europesays.com\/fr\/155589\/","title":{"rendered":"attention, l\u2019A7 sera encore ferm\u00e9e au sud de Lyon entre le 6 et 9\u00a0juin"},"content":{"rendered":"<p>Bison Fut\u00e9 avait vu \u201crouge\u201d pour l\u2019Ascension dans notre r\u00e9gion. Il fallait s\u2019armer de patience, notamment au sud de Lyon. Rebelote pour la Pentec\u00f4te. Attendez-vous \u00e0 une circulation tr\u00e8s compliqu\u00e9e entre ce vendredi soir, 6\u00a0juin, et lundi soir, notamment dans la Vall\u00e9e du Rh\u00f4ne.<\/p>\n<p>  Les informations \u00e0 retenir sur l\u2019A7<\/p>\n<p>Depuis trois week-ends, l\u2019autoroute A7 est ferm\u00e9e dans le sens Marseille-Lyon \u00e0 Saint-Fons, dans le cadre du projet de restructuration des viaducs de Pierre-B\u00e9nite. Un vaste chantier de 14\u00a0millions d\u2019euros, financ\u00e9 int\u00e9gralement par l\u2019\u00c9tat, vise \u00e0 r\u00e9nover ces ouvrages mis en service dans les ann\u00e9es 60. R\u00e9sultat, du vendredi 6\u00a0juin \u00e0 21 heures au lundi 9\u00a0juin \u00e0 midi, ce tron\u00e7on de l\u2019A7 o\u00f9 transitent 150\u00a0000 v\u00e9hicules\/jour est ferm\u00e9.<\/p>\n<p>Afin d\u2019\u00e9viter les perturbations, les automobilistes venant du sud sont pri\u00e9s d\u2019utiliser l\u2019A46 \u00e0 partir du n\u0153ud de Ternay et la rocade Est en direction de Paris. Pour ceux qui viendraient de Saint-Etienne, mieux vaut privil\u00e9gier l\u2019A89 ou le passage via les \u00ab\u00a0montagnes russes\u00a0\u00bb (D342) qui d\u00e9bouchent aux Sept-Chemins.<\/p>\n<p>Lors des derni\u00e8res fermetures, le trafic a \u00e9t\u00e9 congestionn\u00e9 dans le sud de l\u2019agglom\u00e9ration\u00a0: \u00e0 hauteur du pont de Vernaison, dans le secteur de Saint-Fons o\u00f9 la liaison avec le p\u00e9riph\u00e9rique a \u00e9t\u00e9 satur\u00e9e. Le quartier de Gerland, en travaux, \u00e9tait compl\u00e8tement paralys\u00e9. Bref, il est pr\u00e9f\u00e9rable d\u2019\u00e9viter le secteur.<\/p>\n<p>  Les pr\u00e9visions de circulation du 6 au 9\u00a0juin<\/p>\n<p> \u25b6 \u2002Ce <strong>vendredi 6<\/strong> \u00a0 <strong>juin<\/strong> , la circulation est class\u00e9e \u201c <strong>rouge<\/strong> \u201d sur le quart Sud-Est (A7), dans le <strong>sens des d\u00e9parts<\/strong>.<\/p>\n<p> \u25b6 \u2002Ce <strong>samedi 7<\/strong> \u00a0 <strong>juin<\/strong> , la circulation est class\u00e9e \u201c <strong>orange<\/strong> \u201d dans le sens des d\u00e9parts.<\/p>\n<p>&#8211; Selon le Bison Fut\u00e9 (1) \u00a0: \u00ab\u00a0Les axes de la r\u00e9gion Auvergne-Rh\u00f4ne-Alpes devraient rencontrer des <strong>difficult\u00e9s<\/strong> , en particulier l\u2019autoroute <strong>A7<\/strong> , ainsi que l\u2019acc\u00e8s au <strong>Tunnel du Mont-Blanc<\/strong> \u00a0\u00bb.<\/p>\n<p>&#8211; En ce qui concerne l\u2019 <strong>A6<\/strong> , le trafic routier sera <strong>difficile<\/strong>. Des ralentissements seront \u00e0 pr\u00e9voir vers les barri\u00e8res de p\u00e9age.<\/p>\n<p> \u25b6 \u2002Ce <strong>l<\/strong><strong>undi 9<\/strong> \u00a0 <strong>juin<\/strong> , sur les axes de la c\u00f4te m\u00e9diterran\u00e9enne en direction du Nord ( <strong>A7<\/strong> ) des <strong>ralentissements <\/strong> seront \u00e0 pr\u00e9voir.<\/p>\n<p class=\"note\">(1)\u00a0: Les pr\u00e9visions sont \u00e0 suivre en temps r\u00e9els sur\u00a0: <a href=\"https:\/\/www.bison-fute.gouv.fr\" target=\"_blank\" rel=\"nofollow noopener\">https:\/\/www.bison-fute.gouv.fr<\/a>.<\/p>\n","protected":false},"excerpt":{"rendered":"Bison Fut\u00e9 avait vu \u201crouge\u201d pour l\u2019Ascension dans notre r\u00e9gion. Il fallait s\u2019armer de patience, notamment au sud&hellip;\n","protected":false},"author":2,"featured_media":155590,"comment_status":"","ping_status":"","sticky":false,"template":"","format":"standard","meta":{"footnotes":""},"categories":[1889],"tags":[1111,11,2430,3542,3152,2757,1777,674,107,1011,27,2428,2756,12,25,2429,2803],"class_list":{"0":"post-155589","1":"post","2":"type-post","3":"status-publish","4":"format-standard","5":"has-post-thumbnail","7":"category-lyon","8":"tag-actu","9":"tag-actualites","10":"tag-auvergne-rhone-alpes","11":"tag-circulation","12":"tag-edition-est-lyonnais","13":"tag-edition-lyon-villeurbanne","14":"tag-eu","15":"tag-europe","16":"tag-fil-info","17":"tag-fr","18":"tag-france","19":"tag-lyon","20":"tag-lyon-bassin","21":"tag-news","22":"tag-republique-francaise","23":"tag-rhone","24":"tag-transport"},"share_on_mastodon":{"url":"https:\/\/pubeurope.com\/@fr\/114634453480502270","error":""},"_links":{"self":[{"href":"https:\/\/www.europesays.com\/fr\/wp-json\/wp\/v2\/posts\/155589","targetHints":{"allow":["GET"]}}],"collection":[{"href":"https:\/\/www.europesays.com\/fr\/wp-json\/wp\/v2\/posts"}],"about":[{"href":"https:\/\/www.europesays.com\/fr\/wp-json\/wp\/v2\/types\/post"}],"author":[{"embeddable":true,"href":"https:\/\/www.europesays.com\/fr\/wp-json\/wp\/v2\/users\/2"}],"replies":[{"embeddable":true,"href":"https:\/\/www.europesays.com\/fr\/wp-json\/wp\/v2\/comments?post=155589"}],"version-history":[{"count":0,"href":"https:\/\/www.europesays.com\/fr\/wp-json\/wp\/v2\/posts\/155589\/revisions"}],"wp:featuredmedia":[{"embeddable":true,"href":"https:\/\/www.europesays.com\/fr\/wp-json\/wp\/v2\/media\/155590"}],"wp:attachment":[{"href":"https:\/\/www.europesays.com\/fr\/wp-json\/wp\/v2\/media?parent=155589"}],"wp:term":[{"taxonomy":"category","embeddable":true,"href":"https:\/\/www.europesays.com\/fr\/wp-json\/wp\/v2\/categories?post=155589"},{"taxonomy":"post_tag","embeddable":true,"href":"https:\/\/www.europesays.com\/fr\/wp-json\/wp\/v2\/tags?post=155589"}],"curies":[{"name":"wp","href":"https:\/\/api.w.org\/{rel}","templated":true}]}}