{"id":155591,"date":"2025-06-06T04:08:09","date_gmt":"2025-06-06T04:08:09","guid":{"rendered":"https:\/\/www.europesays.com\/fr\/155591\/"},"modified":"2025-06-06T04:08:09","modified_gmt":"2025-06-06T04:08:09","slug":"un-defi-fou-a-limprovidence","status":"publish","type":"post","link":"https:\/\/www.europesays.com\/fr\/155591\/","title":{"rendered":"un d\u00e9fi fou \u00e0 l\u2019Improvidence"},"content":{"rendered":"<p>C\u2019est un pari un peu fou que lance l\u2019Improvidence ce week-end. Le th\u00e9\u00e2tre organise la deuxi\u00e8me \u00e9dition de ses 24 heures de l\u2019impro en compagnie de 12 com\u00e9diens qui vont devoir faire preuve d\u2019endurance. Ils se relaieront sans interruption pour incarner de multiples formats improvis\u00e9s dans un lieu <a href=\"https:\/\/www.leprogres.fr\/culture-loisirs\/2024\/12\/08\/l-improvidence-fete-ses-10-ans-on-est-le-seul-theatre-en-france-dedie-a-100-a-l-improvisation\" target=\"_blank\" rel=\"nofollow noopener\">sp\u00e9cialis\u00e9 dans cette discipline depuis plus de 10 ans.<\/a> \u00a0Les spectateurs peuvent arriver \u00e0 l\u2019heure qu\u2019ils souhaitent et rester autant qu\u2019ils le veulent (toute sortie \u00e9tant d\u00e9finitive).<\/p>\n<p class=\"note\">Du samedi 7\u00a0juin \u00e0 12 heures au dimanche 8\u00a0juin \u00e0 12 heures \u00e0 l\u2019Improvidence, 6, rue Chaponnay, \u00e0 Lyon 3e.\u00a0Tarifs\u00a0: avant 17 heures\u00a0: 20\u00a0euros, entre 17 et 20 heures\u00a0: 35\u00a0euros, apr\u00e8s minuit\u00a0: 20\u00a0euros. <a href=\"https:\/\/improvidence.fr\/\" target=\"_blank\" rel=\"nofollow noopener\">https:\/\/improvidence.fr<\/a><\/p>\n","protected":false},"excerpt":{"rendered":"C\u2019est un pari un peu fou que lance l\u2019Improvidence ce week-end. Le th\u00e9\u00e2tre organise la deuxi\u00e8me \u00e9dition de&hellip;\n","protected":false},"author":2,"featured_media":155592,"comment_status":"","ping_status":"","sticky":false,"template":"","format":"standard","meta":{"footnotes":""},"categories":[1889],"tags":[1111,11,2430,1687,2757,1777,674,1011,27,2428,2756,12,25,3140],"class_list":{"0":"post-155591","1":"post","2":"type-post","3":"status-publish","4":"format-standard","5":"has-post-thumbnail","7":"category-lyon","8":"tag-actu","9":"tag-actualites","10":"tag-auvergne-rhone-alpes","11":"tag-culture-loisirs","12":"tag-edition-lyon-villeurbanne","13":"tag-eu","14":"tag-europe","15":"tag-fr","16":"tag-france","17":"tag-lyon","18":"tag-lyon-bassin","19":"tag-news","20":"tag-republique-francaise","21":"tag-spectacle"},"share_on_mastodon":{"url":"https:\/\/pubeurope.com\/@fr\/114634457315288716","error":""},"_links":{"self":[{"href":"https:\/\/www.europesays.com\/fr\/wp-json\/wp\/v2\/posts\/155591","targetHints":{"allow":["GET"]}}],"collection":[{"href":"https:\/\/www.europesays.com\/fr\/wp-json\/wp\/v2\/posts"}],"about":[{"href":"https:\/\/www.europesays.com\/fr\/wp-json\/wp\/v2\/types\/post"}],"author":[{"embeddable":true,"href":"https:\/\/www.europesays.com\/fr\/wp-json\/wp\/v2\/users\/2"}],"replies":[{"embeddable":true,"href":"https:\/\/www.europesays.com\/fr\/wp-json\/wp\/v2\/comments?post=155591"}],"version-history":[{"count":0,"href":"https:\/\/www.europesays.com\/fr\/wp-json\/wp\/v2\/posts\/155591\/revisions"}],"wp:featuredmedia":[{"embeddable":true,"href":"https:\/\/www.europesays.com\/fr\/wp-json\/wp\/v2\/media\/155592"}],"wp:attachment":[{"href":"https:\/\/www.europesays.com\/fr\/wp-json\/wp\/v2\/media?parent=155591"}],"wp:term":[{"taxonomy":"category","embeddable":true,"href":"https:\/\/www.europesays.com\/fr\/wp-json\/wp\/v2\/categories?post=155591"},{"taxonomy":"post_tag","embeddable":true,"href":"https:\/\/www.europesays.com\/fr\/wp-json\/wp\/v2\/tags?post=155591"}],"curies":[{"name":"wp","href":"https:\/\/api.w.org\/{rel}","templated":true}]}}