{"id":155595,"date":"2025-06-06T04:11:17","date_gmt":"2025-06-06T04:11:17","guid":{"rendered":"https:\/\/www.europesays.com\/fr\/155595\/"},"modified":"2025-06-06T04:11:17","modified_gmt":"2025-06-06T04:11:17","slug":"valerie-pecresse-retire-la-subvention-de-la-region","status":"publish","type":"post","link":"https:\/\/www.europesays.com\/fr\/155595\/","title":{"rendered":"Val\u00e9rie P\u00e9cresse retire la subvention de la R\u00e9gion"},"content":{"rendered":"<p>            Par<br \/>\n        <strong><br \/>\n            <a href=\"https:\/\/actu.fr\/auteur\/dorinegoth\" title=\"Consulter tous les articles de Dorine Goth\" target=\"_blank\" rel=\"noopener\">Dorine Goth<\/a><br \/>\n        <\/strong><\/p>\n<p>        Publi\u00e9 le<\/p>\n<p>            5 juin 2025 \u00e0 17h14        <\/p>\n<p>La pol\u00e9mique est mont\u00e9e rapidement. Moins de 24\u00a0heures apr\u00e8s la publication de l\u2019affiche de <strong><a href=\"https:\/\/actu.fr\/societe\/marche-des-fiertes-a-paris-il-n-y-aura-pas-de-chars-cette-annee_59045666.html\" target=\"_blank\" rel=\"noopener\">l\u2019Inter-LGBT<\/a><\/strong> sur l\u2019\u00e9dition 2025 de la <strong><a href=\"https:\/\/actu.fr\/ile-de-france\/paris_75056\/carte-marche-des-fiertes-a-paris-le-parcours-et-le-programme-de-l-edition-2024_61257668.html\" target=\"_blank\" rel=\"noopener\">Marche des Fiert\u00e9s<\/a><\/strong> \u00e0 Paris, le couperet est tomb\u00e9. <strong><a href=\"https:\/\/actu.fr\/tag\/valerie-pecresse\" target=\"_blank\" rel=\"noopener\">Val\u00e9rie P\u00e9cresse<\/a><\/strong>, pr\u00e9sidente de la r\u00e9gion \u00cele-de-France, a d\u00e9cid\u00e9 de<strong> retirer la subvention<\/strong> qui \u00e9tait allou\u00e9e \u00e0 l\u2019association et son logo de l\u2019affiche. Elle estime que le message port\u00e9 \u00ab\u2009peut inciter \u00e0 des d\u00e9bordements de haine\u2009\u00bb. Une heure plus t\u00f4t, la D\u00e9l\u00e9gation interminist\u00e9rielle \u00e0 la lutte contre le racisme, l\u2019antis\u00e9mitisme et la haine anti-LGBT +\u00a0(Dilcrah) demandait \u00e9galement le retrait de son logo de l\u2019affiche.<\/p>\n<p>\u00ab\u2009Des contresens grossiers\u2009\u00bb<\/p>\n<p class=\" wall-content\">Sur le visuel, l\u2019affiche repr\u00e9sente plusieurs personnes aux couleurs du drapeau <a href=\"https:\/\/actu.fr\/tag\/lgbt\/page\/3\" target=\"_blank\" rel=\"noopener\">LGBT<\/a>. L\u2019une d\u2019elles porte un voile, l\u2019autre une \u00e9charpe aux couleurs du drapeau transgenre ou encore un pin\u2019s repr\u00e9sentant le <a href=\"https:\/\/actu.fr\/societe\/israel-refuse-d-accorder-un-visa-a-des-elus-de-seine-saint-denis-pour-une-mission-en-palestine_62565391.html\" target=\"_blank\" rel=\"noopener\">drapeau de la Palestine<\/a>. L\u2019un d\u2019eux tire par la cravate un homme aux couleurs bl\u00eames, une <strong>croix celtique<\/strong> tatou\u00e9e dans le coup, symbole des groupuscules d\u2019<a href=\"https:\/\/actu.fr\/tag\/extreme-droite\" target=\"_blank\" rel=\"noopener\">extr\u00eame droite<\/a>. Val\u00e9rie P\u00e9cresse estime que l\u2019affiche \u00ab\u2009incite \u00e0 la violence avec son cadavre renvers\u00e9\u2009\u00bb. Aupr\u00e8s de l\u2019AFP, l\u2019Inter LGBT a d\u00e9plor\u00e9 \u00ab\u2009des contresens grossiers\u2009\u00bb.<\/p>\n<p class=\" wall-content\">\n<p class=\" wall-content\">Dans un manifeste intitul\u00e9 \u00ab\u2009Contre l\u2019internationale r\u00e9actionnaire, queers de tous les pays unissons-nous\u2009\u00bb, l\u2019Inter-LGBT d\u00e9nonce \u00ab\u2009la progression d\u2019un mouvement id\u00e9ologique r\u00e9actionnaire d\u00e9signant les personnes LGBTQIA +\u00a0comme leur bouc \u00e9missaire\u2009\u00bb.<\/p>\n<p class=\" wall-content\"><a href=\"https:\/\/www.instagram.com\/p\/DKf1Y_jCyZS\/embed\" title=\"Ouvrir le lien sur Instagram\" target=\"_blank\" rel=\"noopener\">Visualiser le contenu sur Instagram<\/a><\/p>\n<p class=\" wall-content\">\u00abL\u2019artiste a voulu repr\u00e9senter des personnes queers unies face \u00e0 une internationale r\u00e9actionnaire qui tue des personnes LGBT, les emp\u00eache de s\u2019exprimer, restreint leur droit \u00e0 exister, \u00e0 s\u2019aimer et \u00e0 s\u2019autod\u00e9terminer\u2009\u00bb, a expliqu\u00e9 le pr\u00e9sident de l\u2019association Alexandre Schon. La Marche des Fiert\u00e9s se d\u00e9roulera samedi 28\u00a0juin, au d\u00e9part du m\u00e9tro Palais Royal, mus\u00e9e du Louvres.<\/p>\n<p class=\" wall-content\">Suivez toute l\u2019actualit\u00e9 de vos villes et m\u00e9dias favoris en vous inscrivant \u00e0 <a href=\"https:\/\/moncompte.actu.fr\" title=\"D\u00e9couvez Mon Actu\" rel=\"nofollow noopener\" data-trk=\"{&quot;cta&quot;:{&quot;action&quot;:&quot;https:\\\/\\\/moncompte.actu.fr&quot;,&quot;category&quot;:&quot;mon compte&quot;,&quot;from&quot;:&quot;article footer&quot;,&quot;name&quot;:&quot;Mon actu&quot;,&quot;type&quot;:&quot;cta&quot;}}\" target=\"_blank\">Mon Actu<\/a>.<\/p>\n<p>                    <script async src=\"\/\/www.instagram.com\/embed.js\"><\/script><\/p>\n","protected":false},"excerpt":{"rendered":"Par Dorine Goth Publi\u00e9 le 5 juin 2025 \u00e0 17h14 La pol\u00e9mique est mont\u00e9e rapidement. Moins de 24\u00a0heures&hellip;\n","protected":false},"author":2,"featured_media":155596,"comment_status":"","ping_status":"","sticky":false,"template":"","format":"standard","meta":{"footnotes":""},"categories":[1888],"tags":[1111,1928,11,1927,1777,674,1011,27,9087,12,1926,626,1925,25,104,2328],"class_list":{"0":"post-155595","1":"post","2":"type-post","3":"status-publish","4":"format-standard","5":"has-post-thumbnail","7":"category-paris","8":"tag-actu","9":"tag-actu-paris","10":"tag-actualites","11":"tag-actualites-paris","12":"tag-eu","13":"tag-europe","14":"tag-fr","15":"tag-france","16":"tag-lgbt","17":"tag-news","18":"tag-news-paris","19":"tag-paris","20":"tag-paris-news","21":"tag-republique-francaise","22":"tag-societe","23":"tag-valerie-pecresse"},"share_on_mastodon":{"url":"https:\/\/pubeurope.com\/@fr\/114634469179075341","error":""},"_links":{"self":[{"href":"https:\/\/www.europesays.com\/fr\/wp-json\/wp\/v2\/posts\/155595","targetHints":{"allow":["GET"]}}],"collection":[{"href":"https:\/\/www.europesays.com\/fr\/wp-json\/wp\/v2\/posts"}],"about":[{"href":"https:\/\/www.europesays.com\/fr\/wp-json\/wp\/v2\/types\/post"}],"author":[{"embeddable":true,"href":"https:\/\/www.europesays.com\/fr\/wp-json\/wp\/v2\/users\/2"}],"replies":[{"embeddable":true,"href":"https:\/\/www.europesays.com\/fr\/wp-json\/wp\/v2\/comments?post=155595"}],"version-history":[{"count":0,"href":"https:\/\/www.europesays.com\/fr\/wp-json\/wp\/v2\/posts\/155595\/revisions"}],"wp:featuredmedia":[{"embeddable":true,"href":"https:\/\/www.europesays.com\/fr\/wp-json\/wp\/v2\/media\/155596"}],"wp:attachment":[{"href":"https:\/\/www.europesays.com\/fr\/wp-json\/wp\/v2\/media?parent=155595"}],"wp:term":[{"taxonomy":"category","embeddable":true,"href":"https:\/\/www.europesays.com\/fr\/wp-json\/wp\/v2\/categories?post=155595"},{"taxonomy":"post_tag","embeddable":true,"href":"https:\/\/www.europesays.com\/fr\/wp-json\/wp\/v2\/tags?post=155595"}],"curies":[{"name":"wp","href":"https:\/\/api.w.org\/{rel}","templated":true}]}}