{"id":155597,"date":"2025-06-06T04:12:21","date_gmt":"2025-06-06T04:12:21","guid":{"rendered":"https:\/\/www.europesays.com\/fr\/155597\/"},"modified":"2025-06-06T04:12:21","modified_gmt":"2025-06-06T04:12:21","slug":"jai-limpression-davoir-ete-enterre-vivant-stephane-plaza-accuse-le-parquet-de-paris-davoir-detruit-sa-vie","status":"publish","type":"post","link":"https:\/\/www.europesays.com\/fr\/155597\/","title":{"rendered":"\u00ab\u00a0J\u2019ai l\u2019impression d\u2019avoir \u00e9t\u00e9 enterr\u00e9 vivant\u00a0\u00bb\u2026 St\u00e9phane Plaza accuse le parquet de Paris d\u2019avoir \u00ab\u00a0d\u00e9truit sa vie\u00a0\u00bb"},"content":{"rendered":"<p>Une flop\u00e9e de photographes se pr\u00e9cipite dans la salle. \u00ab\u00a0Stop, stop stop\u00a0\u00bb, leur intime <a href=\"https:\/\/www.20minutes.fr\/justice\/4155334-20250526-paris-pouvoir-nuisance-assez-intense-mimi-marchand-jugee-avoir-fait-chanter-karine-marchand\" class=\"color-ultramarine c-link\" rel=\"nofollow noopener\" target=\"_blank\">Mich\u00e8le Marchand, dite Mimi<\/a>, aussi connue comme \u00e9tant le reine des paparazzis. St\u00e9phane Plaza passe devant eux et se dirige vers la table install\u00e9e au fond de cette pi\u00e8ce, situ\u00e9e au premier \u00e9tage de la maison de la Chimie, dans le 5e\u00a0arrondissement de Paris. L\u2019ex-animateur de M6 prend place entre ses avocats, Mes Julien Roelens et Antonin Gravelin-Rodriguez. Les cheveux grisonnants, les traits tir\u00e9s, le visage \u00e9maci\u00e9, l\u2019ancienne vedette du petit \u00e9cran a perdu de sa superbe <a href=\"https:\/\/www.20minutes.fr\/justice\/4139368-20250218-stephane-plaza-condamne-douze-mois-prison-sursis\" class=\"color-ultramarine c-link\" rel=\"nofollow noopener\" target=\"_blank\">depuis sa condamnation le 18\u00a0f\u00e9vrier dernier<\/a> \u00e0 un an de prison avec sursis pour violences r\u00e9currentes sur une ancienne compagne.<\/p>\n<p>\u00ab\u00a0L\u2019objet de cette rencontre n\u2019est pas <a href=\"https:\/\/www.20minutes.fr\/arts-stars\/people\/\" class=\"color-ultramarine c-link\" rel=\"nofollow noopener\" target=\"_blank\">people<\/a>, il ne s\u2019agira pas de discuter de la perte de poids de <a href=\"https:\/\/www.20minutes.fr\/dossier\/stephane_plaza\" class=\"color-ultramarine c-link\" rel=\"nofollow noopener\" target=\"_blank\">St\u00e9phane Plaza<\/a> ou de ses cheveux devenus poivre et sel. On va parler de justice et uniquement de justice\u00a0\u00bb, lance Me Julien Roelens \u00e0 la vingtaine de journalistes ayant pris place face \u00e0 eux. Son client se sert un verre d\u2019eau avant de prendre la parole. \u00ab\u00a0Il est temps pour moi d\u2019affirmer publiquement une bonne fois pour toutes mon innocence, d\u00e9clare St\u00e9phane Plaza. Je n\u2019ai jamais commis de violences volontaires sur quiconque et encore moins sur des compagnes, jamais. Un proc\u00e8s en appel se tiendra et j\u2019aurais l\u2019occasion de le d\u00e9montrer \u00e0 nouveau dans d\u2019autres circonstances que celles qui ont men\u00e9 au jugement de f\u00e9vrier dernier. Je suis innocent et je me battrai jusqu\u2019au bout pour que la v\u00e9rit\u00e9 soit reconnue.\u00a0\u00bb<\/p>\n<p>\u00ab\u00a0Des moments tr\u00e8s difficiles\u00a0\u00bb<\/p>\n<p>L\u2019ancien animateur pr\u00e9f\u00e9r\u00e9 des Fran\u00e7ais, \u00e0 la t\u00eate d\u2019un r\u00e9seau d\u2019agences immobili\u00e8res, assure que le parquet de Paris \u00ab\u00a0a intentionnellement man\u0153uvr\u00e9 pour tromper le tribunal\u00a0\u00bb. \u00ab\u00a0C\u2019est un scandale judiciaire qui se fait au d\u00e9triment de la lutte contre les <a href=\"https:\/\/www.20minutes.fr\/dossier\/violences_faites_aux_femmes\" class=\"color-ultramarine c-link\" rel=\"nofollow noopener\" target=\"_blank\">violences faites aux femmes<\/a>, ajoute-t-il. Le parquet de Paris a voulu s\u2019offrir un coup de communication en d\u00e9truisant au passage ma vie et ma carri\u00e8re.\u00a0\u00bb Car, dit-il, \u00ab\u00a0depuis plus de deux ans\u00a0\u00bb, St\u00e9phane Plaza vit \u00ab\u00a0des moments tr\u00e8s difficiles\u00a0\u00bb. \u00ab\u00a0J\u2019ai l\u2019impression d\u2019avoir \u00e9t\u00e9 enterr\u00e9 vivant pour des faits que je n\u2019ai pas commis\u00a0\u00bb, insiste-t-il. Avant de souligner\u00a0: \u00ab\u00a0<a href=\"https:\/\/www.20minutes.fr\/arts-stars\/medias\/4139459-20250218-m6-annonce-deprogrammation-emissions-stephane-plaza-apres-condamnation-violences-conjugales\" class=\"color-ultramarine c-link\" rel=\"nofollow noopener\" target=\"_blank\">Aujourd\u2019hui, la t\u00e9l\u00e9<\/a>, le cin\u00e9ma et le th\u00e9\u00e2tre, ces r\u00eaves que j\u2019ai port\u00e9s si fort, semblent s\u2019\u00e9loigner \u00e0 jamais. Ma vie et ma carri\u00e8re ont \u00e9t\u00e9 r\u00e9duites en miettes.\u00a0\u00bb \u00ab\u00a0Je continue d\u2019\u00eatre ce que je suis vraiment, <a href=\"https:\/\/www.20minutes.fr\/justice\/4133478-20250113-stephane-plaza-juge-violences-agences-immobilieres-entament-demarches-quitter-franchise\" class=\"color-ultramarine c-link\" rel=\"nofollow noopener\" target=\"_blank\">un passionn\u00e9 d\u2019immobilier<\/a>, un homme qui a des d\u00e9fauts mais qui n\u2019a jamais \u00e9t\u00e9 violent\u00a0\u00bb, conclut-il.<\/p>\n<p>Retour en arri\u00e8re. En juin\u00a02023, St\u00e9phane Plaza, qui se dit victime de cyberharc\u00e8lement, d\u00e9pose plainte aupr\u00e8s du p\u00f4le national de lutte contre la haine en ligne. A l\u2019\u00e9poque, lui et son entourage recevaient \u00ab\u00a0des centaines de messages malveillants qui faisaient uniquement r\u00e9f\u00e9rence \u00e0 ses infid\u00e9lit\u00e9s. Mais il n\u2019a jamais \u00e9t\u00e9 question de la moindre violence dans ces messages\u00a0\u00bb, explique Me Julien Roelens. Cette plainte, qui vise des anciennes compagnes, est class\u00e9e sans suite, juste avant son proc\u00e8s, par le parquet de Paris au motif que \u00ab\u00a0l\u2019enqu\u00eate n\u2019a pas permis d\u2019identifier la (les) personne(s) ayant commis l\u2019infraction\u00a0\u00bb. \u00ab\u00a0C\u2019est faux, puisque la principale auteure du cyberharc\u00e8lement est identifi\u00e9e en proc\u00e9dure par des r\u00e9quisitions Instagram, qu\u2019elle le reconna\u00eet sur le proc\u00e8s-verbal et que le proc\u00e8s-verbal de synth\u00e8se r\u00e9dig\u00e9 par l\u2019officier de police judiciaire reprend in extenso qu\u2019elle a \u00e9t\u00e9 identifi\u00e9e\u00a0\u00bb, indique Me Gravelin-Rodriguez, ajoutant que le parquet de Paris a voulu \u00ab\u00a0tromper le tribunal\u00a0\u00bb.<\/p>\n<p>\u00ab\u00a0Classement sans suite mensonger\u00a0\u00bb<\/p>\n<p>Il s\u2019agit, poursuit l\u2019avocat, \u00ab\u00a0de l\u2019une des plaignantes\u00a0\u00bb qui accusait St\u00e9phane Plaza de violences. La deuxi\u00e8me plaignante a \u00e9galement \u00e9t\u00e9 \u00ab\u00a0identifi\u00e9e comme \u00e9tant derri\u00e8re un pseudonyme sur Instagram\u00a0\u00bb. \u00ab\u00a0On ne sait pas si elle a effectivement envoy\u00e9 des messages mais on peut le penser\u00a0\u00bb, estime Me Gravelin-Rodriguez. Dans leur proc\u00e8s-verbal, les policiers rel\u00e8vent pourtant que cette femme avait indiqu\u00e9 \u00ab\u00a0ne jamais avoir contact\u00e9 personne avec ce faux profil, ni avec sa vraie identit\u00e9, ce qui \u00e9tait confirm\u00e9 par l\u2019enqu\u00eate\u00a0\u00bb.<\/p>\n<\/p>\n<p>\u00ab\u00a0En notifiant ce classement sans suite mensonger, le parquet a remis une attestation selon laquelle il n\u2019y avait aucun lien entre les accusatrices de St\u00e9phane Plaza et les harc\u00e8lements\u00a0\u00bb, compl\u00e8te son confr\u00e8re, Me Julien Roelens. \u00ab\u00a0Cette attestation <a href=\"https:\/\/www.20minutes.fr\/justice\/4132876-20250109-stephane-plaza-juge-violences-aime-femmes-peut-etre-peu-trop-defend-animateur\" class=\"color-ultramarine c-link\" rel=\"nofollow noopener\" target=\"_blank\">a \u00e9t\u00e9 utilis\u00e9e dans le cadre du proc\u00e8s<\/a> et le tribunal l\u2019a retenue dans son jugement\u00a0\u00bb, regrette-t-il. L\u2019avocat estime que \u00ab\u00a0tout un pan\u00a0\u00bb du dossier, \u00ab\u00a0qui \u00e9tait de nature \u00e0 discr\u00e9diter les accusations\u00a0\u00bb dont l\u2019animateur faisait l\u2019objet, a ainsi \u00e9t\u00e9 \u00e9cart\u00e9 lors du proc\u00e8s. \u00ab\u00a0Le parquet de Paris a produit un faux en \u00e9criture publique\u00a0\u00bb, mart\u00e8le Me Roelens. Affirmant que le dossier de leur client a \u00e9t\u00e9 \u00ab\u00a0truqu\u00e9\u00a0\u00bb, lui et Me Gravelin-Rodriguez annoncent <a href=\"https:\/\/www.20minutes.fr\/justice\/4157095-20250605-stephane-plaza-accuse-parquet-paris-avoir-truque-proces-attaque-etat\" class=\"color-ultramarine c-link\" rel=\"nofollow noopener\" target=\"_blank\">assigner l\u2019Etat \u00ab\u00a0pour les dysfonctionnements graves<\/a> de la justice que nous avons constat\u00e9s\u00a0\u00bb.<\/p>\n<p>\u00ab\u00a0L\u2019expression d\u2019une d\u00e9monstration de force\u00a0\u00bb<\/p>\n<p>Contact\u00e9 par 20 Minutes, le parquet de Paris n\u2019a pas donn\u00e9 suite. \u00ab\u00a0Plus c\u2019est gros, plus on ose\u00a0\u00bb, r\u00e9agit aupr\u00e8s de 20 Minutes Me Clotilde Lepetit, l\u2019avocate d\u2019une deux femmes qui accusent l\u2019ancien animateur de violences. \u00ab\u00a0Ce qui me fascine, c\u2019est cette capacit\u00e9 \u00e0 s\u2019en prendre aux juges et au syst\u00e8me judiciaire d\u00e8s lors qu\u2019on est condamn\u00e9 et qu\u2019on a une forme de publicit\u00e9, poursuit-elle. Cela ajoute de la douleur et de la difficult\u00e9 aux victimes, cela ajoute \u00e0 leur \u00e9preuve de faire \u00e7a.\u00a0\u00bb Me Lepetit voit dans cette conf\u00e9rence de presse \u00ab\u00a0l\u2019expression d\u2019une d\u00e9monstration de force\u00a0\u00bb. \u00ab\u00a0Faire \u00e7a depuis la maison de la Chimie, c\u2019est une mani\u00e8re d\u2019institutionnaliser une parole qui n\u2019est que celle de St\u00e9phane Plaza.\u00a0\u00bb<\/p>\n","protected":false},"excerpt":{"rendered":"Une flop\u00e9e de photographes se pr\u00e9cipite dans la salle. \u00ab\u00a0Stop, stop stop\u00a0\u00bb, leur intime Mich\u00e8le Marchand, dite Mimi,&hellip;\n","protected":false},"author":2,"featured_media":155598,"comment_status":"","ping_status":"","sticky":false,"template":"","format":"standard","meta":{"footnotes":""},"categories":[1888],"tags":[1111,1928,47,11,1927,9827,1777,674,118,658,1011,27,662,303,494,12,1926,626,1925,10857,973,25,7221,252,798,797],"class_list":{"0":"post-155597","1":"post","2":"type-post","3":"status-publish","4":"format-standard","5":"has-post-thumbnail","7":"category-paris","8":"tag-actu","9":"tag-actu-paris","10":"tag-actualite","11":"tag-actualites","12":"tag-actualites-paris","13":"tag-animateur","14":"tag-eu","15":"tag-europe","16":"tag-faits-divers","17":"tag-faits-divers-paris","18":"tag-fr","19":"tag-france","20":"tag-ile-de-france","21":"tag-justice","22":"tag-m6","23":"tag-news","24":"tag-news-paris","25":"tag-paris","26":"tag-paris-news","27":"tag-parquet-de-paris","28":"tag-people","29":"tag-republique-francaise","30":"tag-stephane-plaza","31":"tag-television","32":"tag-violences-conjugales","33":"tag-violences-faites-aux-femmes"},"share_on_mastodon":{"url":"https:\/\/pubeurope.com\/@fr\/114634473483013720","error":""},"_links":{"self":[{"href":"https:\/\/www.europesays.com\/fr\/wp-json\/wp\/v2\/posts\/155597","targetHints":{"allow":["GET"]}}],"collection":[{"href":"https:\/\/www.europesays.com\/fr\/wp-json\/wp\/v2\/posts"}],"about":[{"href":"https:\/\/www.europesays.com\/fr\/wp-json\/wp\/v2\/types\/post"}],"author":[{"embeddable":true,"href":"https:\/\/www.europesays.com\/fr\/wp-json\/wp\/v2\/users\/2"}],"replies":[{"embeddable":true,"href":"https:\/\/www.europesays.com\/fr\/wp-json\/wp\/v2\/comments?post=155597"}],"version-history":[{"count":0,"href":"https:\/\/www.europesays.com\/fr\/wp-json\/wp\/v2\/posts\/155597\/revisions"}],"wp:featuredmedia":[{"embeddable":true,"href":"https:\/\/www.europesays.com\/fr\/wp-json\/wp\/v2\/media\/155598"}],"wp:attachment":[{"href":"https:\/\/www.europesays.com\/fr\/wp-json\/wp\/v2\/media?parent=155597"}],"wp:term":[{"taxonomy":"category","embeddable":true,"href":"https:\/\/www.europesays.com\/fr\/wp-json\/wp\/v2\/categories?post=155597"},{"taxonomy":"post_tag","embeddable":true,"href":"https:\/\/www.europesays.com\/fr\/wp-json\/wp\/v2\/tags?post=155597"}],"curies":[{"name":"wp","href":"https:\/\/api.w.org\/{rel}","templated":true}]}}