{"id":155599,"date":"2025-06-06T04:13:15","date_gmt":"2025-06-06T04:13:15","guid":{"rendered":"https:\/\/www.europesays.com\/fr\/155599\/"},"modified":"2025-06-06T04:13:15","modified_gmt":"2025-06-06T04:13:15","slug":"le-champs-elysees-film-festival-revient-cet-ete-voici-tout-ce-quil-faut-savoir-sur-la-14eme-edition","status":"publish","type":"post","link":"https:\/\/www.europesays.com\/fr\/155599\/","title":{"rendered":"Le Champs-\u00c9lys\u00e9es Film Festival revient cet \u00e9t\u00e9 : voici tout ce qu&rsquo;il faut savoir sur la 14\u00e8me \u00e9dition"},"content":{"rendered":"<p>Le Champs-\u00c9lys\u00e9es Film Festival, rendez-vous immanquable des adeptes de <a href=\"https:\/\/www.vogue.fr\/dossier\/cinema\" isautogenerated=\"true\" rel=\"nofollow noopener\" target=\"_blank\">cin\u00e9ma<\/a> ind\u00e9pendant fran\u00e7ais et am\u00e9ricain \u00e0 Paris, revient cet \u00e9t\u00e9 pour une semaine de projections exclusives, de rencontres et de d\u00e9couverte musicale. Avec une programmation moderne et in\u00e9dite, en compagnie des r\u00e9alisatrices <strong>Celine Song<\/strong> et <strong>Emma Seligman<\/strong> qui animeront chacune une masterclass, les festivalier\u00b7es pourront (re)d\u00e9couvrir le meilleur de leur filmographie tout au long de la semaine. En comp\u00e9tition officielle, une programmation vari\u00e9e, qui explore les horizons des cin\u00e9mas ind\u00e9pendants fran\u00e7ais et am\u00e9ricain, avec un jury pr\u00e9sid\u00e9 par le r\u00e9alisateur <strong>Jonathan Millet<\/strong> (Les fant\u00f4mes, Ceuta, douce prison). Les festivit\u00e9s d\u00e9marreront avec la com\u00e9die musicale am\u00e9ricaine TITANIQUE au <a href=\"https:\/\/www.vogue.fr\/dossier\/theatre\" isautogenerated=\"true\" rel=\"nofollow noopener\" target=\"_blank\">th\u00e9\u00e2tre<\/a> du Lido, et se cl\u00f4tureront avec une avant-premi\u00e8re de Materialists, le nouveau film de <strong>Celine Song<\/strong> avec <strong>Dakota Johnson<\/strong>, <strong>Chris Evans<\/strong> et <strong>Pedro Pascal<\/strong> en t\u00eates d&rsquo;affiche, le lundi 23 juin.<\/p>\n<p>D\u00e9fendre les artistes ind\u00e9pendants<\/p>\n<p>Festival de cin\u00e9ma fond\u00e9 en 2012 par <strong>Sophie Dulac<\/strong>, le Champs-\u00c9lys\u00e9es Film Festival promet de valoriser le cin\u00e9ma ind\u00e9pendant, repr\u00e9sentant une passerelle entre le septi\u00e8me <a href=\"https:\/\/www.vogue.fr\/dossier\/art\" isautogenerated=\"true\" rel=\"nofollow noopener\" target=\"_blank\">art<\/a> fran\u00e7ais et am\u00e9ricain, destin\u00e9 au grand public. Les \u0153uvres en lice ont le privil\u00e8ge de repartir avec des prix comme ceux du Grand Prix du Jury du meilleur long-m\u00e9trage fran\u00e7ais ou am\u00e9ricain ind\u00e9pendant.<\/p>\n<p>C\u00f4t\u00e9 casting, <strong>Alice Winocour<\/strong> est cette ann\u00e9e Pr\u00e9sidente du jury des longs-m\u00e9trages en comp\u00e9tition officielle. Quand au format court, c&rsquo;est le sc\u00e9nariste et r\u00e9alisateur <strong>Jonathan Millet<\/strong> qui a \u00e9t\u00e9 d\u00e9sign\u00e9. Pour cette quatorzi\u00e8me \u00e9dition, ce seront 12 courts-m\u00e9trages am\u00e9ricains, 10 courts-m\u00e9trages fran\u00e7ais et six moyens-m\u00e9trages qui seront en comp\u00e9tition. L&rsquo;\u00e9v\u00e8nement de 2025 ? L&rsquo;hommage rendu \u00e0 l&rsquo;ic\u00f4ne d&rsquo;Hollywood des ann\u00e9es 50, <strong>Marylin Monroe<\/strong>, avec une projection du film Les D\u00e9sax\u00e9s de l&rsquo;iconique cin\u00e9aste <strong>John Huston<\/strong>. Le film sera suivi d&rsquo;une conf\u00e9rence d\u00e9di\u00e9e \u00e0 la vie de la blonde am\u00e9ricaine pour se rem\u00e9morer de son empreinte laiss\u00e9e sur la sc\u00e8ne du septi\u00e8me art.<\/p>\n<p>Au-del\u00e0 du septi\u00e8me art, le festival a aussi pour vocation de mettre \u00e0 l&rsquo;honneur des artistes musicaux de la sc\u00e8ne ind\u00e9pendante fran\u00e7aise. Alors que l&rsquo;ann\u00e9e derni\u00e8re on retrouvait l&rsquo;irr\u00e9sistible <strong>Estelle Meyer<\/strong>, <strong>Cindy Pooch<\/strong> et le tr\u00e8s cool DJ set de <strong>Park Ji-Min<\/strong>, cette ann\u00e9e ce seront <strong>Olivia Merilahti<\/strong> (ex-chanteuse du duo pop fran\u00e7ais <strong>The D\u00f8<\/strong>), la DJ <strong>Ecran Total<\/strong>, <strong>Flore Benguigui<\/strong>, <strong>Billie<\/strong>, <strong>Gildaa<\/strong>, <strong>Clara-Maria Laredo<\/strong>, <strong>Eloi<\/strong>, <strong>Ewing<\/strong> et <strong>Thibaut de Longeville<\/strong> qui composeront la bande-son de cet \u00e9v\u00e8nement estival annuel. D\u00e9couvrez la programmation compl\u00e8te ci-dessous :<\/p>\n<p>Les moyens-m\u00e9trages en comp\u00e9tition<\/p>\n<ul>\n<li>Au Bain des dames de <strong>Margaux Fournier<\/strong><\/li>\n<li>Comment \u00e7a va\u00a0? de <strong>Caroline Poggi<\/strong> et <strong>Jonathan Vinel<\/strong><\/li>\n<li>Khmerica de <strong>Thibaut Amri<\/strong>, <strong>Antoine Guide<\/strong> et <strong>Lucas S\u00e9n\u00e9caut<\/strong><\/li>\n<li>Mon c\u0153ur ne bat pour personne de <strong>Diane Sara Bouzgarrou<\/strong><\/li>\n<li>Ne r\u00e9veillez pas l\u2019enfant qui dort de <strong>Kevin Aubert<\/strong><\/li>\n<li>+10k de <strong>Gala Hern\u00e1ndez L\u00f3pez<\/strong><\/li>\n<\/ul>\n<p>Les courts-m\u00e9trages fran\u00e7ais en comp\u00e9tition<\/p>\n<ul>\n<li>Balam Balam de <strong>Paul-Guy Rabiet<\/strong><\/li>\n<li>Grands gar\u00e7ons de <strong>Chriss Itoua<\/strong><\/li>\n<li>La Mort du poisson d\u2019<strong>Eva Lusbaronian<\/strong><\/li>\n<li>Malina d\u2019<strong>Ana Blagojevic<\/strong><\/li>\n<li>Ni Dieu ni p\u00e8re de <strong>Paul Kermarec<\/strong><\/li>\n<li>No Skate\u00a0! de <strong>Guil Sela<\/strong><\/li>\n<li>Soixante-sept millisecondes de <strong>fleuryfontaine<\/strong><\/li>\n<li>Sulaimani de <strong>Vinnie Ann Bose<\/strong><\/li>\n<li>Their Eyes de <strong>Nicolas Gourault<\/strong><\/li>\n<li>3xMina de <strong>Nans Laborde-Jourd\u00e0a<\/strong><\/li>\n<\/ul>\n<p>Les longs-m\u00e9trages fran\u00e7ais en comp\u00e9tition<\/p>\n<p><strong>\u2022<\/strong> Arco de <strong>Ugo Bienvenu<\/strong><br \/><strong>\u2022<\/strong> Ari de <strong>L\u00e9onor Serraille<\/strong><br \/><strong>\u2022<\/strong> La Peau dure de <strong>La\u00efs Decaster<\/strong><br \/><strong>\u2022<\/strong> L\u2019Engloutie de <strong>Louise H\u00e9mon<\/strong><br \/><strong>\u2022<\/strong> M\u00e9t\u00e9ors de <strong>Hubert Charuel<\/strong> en collaboration avec <strong>Claude Le Pape<\/strong><br \/><strong>\u2022<\/strong> Nino de <strong>Pauline Loqu\u00e8s<\/strong><\/p>\n<p>Les courts-m\u00e9trages am\u00e9ricains en comp\u00e9tition<\/p>\n<ul>\n<li>Entre le feu et le clair de Lune de <strong>Dominic Yarabe<\/strong><\/li>\n<li>F*ck That Guy de <strong>Hanna Gray Organschi<\/strong><\/li>\n<li>Georgette in the Garden de <strong>Grace Philips<\/strong><\/li>\n<li>Master of the House d\u2019<strong>Eleanore Pienta<\/strong><\/li>\n<li>Metal de <strong>Samuel McIntosh<\/strong><\/li>\n<li>No Bad Blood d\u2019<strong>Emily McEvoy<\/strong><\/li>\n<li>September, All Over de <strong>Kali Kahn<\/strong><\/li>\n<li>The Non-Actor d\u2019<strong>Eliza Barry Callahan<\/strong><\/li>\n<li>Trapped de <strong>Sam<\/strong> et <strong>David Cutler-Kreutz<\/strong><\/li>\n<li>We\u2019re Not Done Yet de <strong>Sofia Camargo<\/strong> et <strong>Joseph Longo<\/strong><\/li>\n<li>We Were The Scenery de <strong>Christopher Radcliff<\/strong><\/li>\n<li>Words of Her de <strong>Charlene Xu<\/strong><\/li>\n<\/ul>\n<p>Les longs-m\u00e9trages am\u00e9ricains en comp\u00e9tition<\/p>\n<p><strong>\u2022<\/strong> Bunnylovr de <strong>Katarina Zhu<\/strong><br \/><strong>\u2022<\/strong> Dreams in Nightmares de <strong>Shatara Michelle Ford<\/strong><br \/><strong>\u2022<\/strong> Familiar Touch (\u00c0 feu doux) de <strong>Sarah Friedland<\/strong><br \/><strong>\u2022<\/strong> Mad Bills to Pay (or Destiny, dile que no soy malo) de <strong>Joel Alfonso Vargas<\/strong><br \/><strong>\u2022<\/strong> Queerpanorama de <strong>Jun Li<\/strong><br \/><strong>\u2022<\/strong> To Use a Mountain de <strong>Casey Carter<\/strong><\/p>\n","protected":false},"excerpt":{"rendered":"Le Champs-\u00c9lys\u00e9es Film Festival, rendez-vous immanquable des adeptes de cin\u00e9ma ind\u00e9pendant fran\u00e7ais et am\u00e9ricain \u00e0 Paris, revient cet&hellip;\n","protected":false},"author":2,"featured_media":155600,"comment_status":"","ping_status":"","sticky":false,"template":"","format":"standard","meta":{"footnotes":""},"categories":[1888],"tags":[11,650,1777,674,849,1011,27,12,626,25],"class_list":{"0":"post-155599","1":"post","2":"type-post","3":"status-publish","4":"format-standard","5":"has-post-thumbnail","7":"category-paris","8":"tag-actualites","9":"tag-cinema","10":"tag-eu","11":"tag-europe","12":"tag-festival","13":"tag-fr","14":"tag-france","15":"tag-news","16":"tag-paris","17":"tag-republique-francaise"},"share_on_mastodon":{"url":"https:\/\/pubeurope.com\/@fr\/114634476999229035","error":""},"_links":{"self":[{"href":"https:\/\/www.europesays.com\/fr\/wp-json\/wp\/v2\/posts\/155599","targetHints":{"allow":["GET"]}}],"collection":[{"href":"https:\/\/www.europesays.com\/fr\/wp-json\/wp\/v2\/posts"}],"about":[{"href":"https:\/\/www.europesays.com\/fr\/wp-json\/wp\/v2\/types\/post"}],"author":[{"embeddable":true,"href":"https:\/\/www.europesays.com\/fr\/wp-json\/wp\/v2\/users\/2"}],"replies":[{"embeddable":true,"href":"https:\/\/www.europesays.com\/fr\/wp-json\/wp\/v2\/comments?post=155599"}],"version-history":[{"count":0,"href":"https:\/\/www.europesays.com\/fr\/wp-json\/wp\/v2\/posts\/155599\/revisions"}],"wp:featuredmedia":[{"embeddable":true,"href":"https:\/\/www.europesays.com\/fr\/wp-json\/wp\/v2\/media\/155600"}],"wp:attachment":[{"href":"https:\/\/www.europesays.com\/fr\/wp-json\/wp\/v2\/media?parent=155599"}],"wp:term":[{"taxonomy":"category","embeddable":true,"href":"https:\/\/www.europesays.com\/fr\/wp-json\/wp\/v2\/categories?post=155599"},{"taxonomy":"post_tag","embeddable":true,"href":"https:\/\/www.europesays.com\/fr\/wp-json\/wp\/v2\/tags?post=155599"}],"curies":[{"name":"wp","href":"https:\/\/api.w.org\/{rel}","templated":true}]}}