{"id":155601,"date":"2025-06-06T04:14:10","date_gmt":"2025-06-06T04:14:10","guid":{"rendered":"https:\/\/www.europesays.com\/fr\/155601\/"},"modified":"2025-06-06T04:14:10","modified_gmt":"2025-06-06T04:14:10","slug":"le-combat-est-loin-detre-gagne-a-paris-les-locataires-se-mobilisent-contre-la-vente-de-leur-residence","status":"publish","type":"post","link":"https:\/\/www.europesays.com\/fr\/155601\/","title":{"rendered":"\u00ab\u00a0Le combat est loin d\u2019\u00eatre gagn\u00e9\u00a0\u00bb\u00a0: \u00e0 Paris, les locataires se mobilisent contre la vente de leur r\u00e9sidence"},"content":{"rendered":"<p class=\"paragraph text_align_left\">Pourtant, ce quotidien tranquille est chamboul\u00e9 depuis quelques semaines, avec la vente annonc\u00e9e de la r\u00e9sidence. \u00ab On n\u2019a jamais eu autant de monde dans notre local. Cette histoire plonge les locataires dans une inconnue. Certains se sont vus faire leurs affaires et tout quitter \u00bb, souffle Marie-Lucie Divialle, la pr\u00e9sidente de l\u2019Amicale des locataires, qui a commenc\u00e9 une lutte depuis plusieurs semaines \u00e0 coups de courriers aux \u00e9lus.<\/p>\n","protected":false},"excerpt":{"rendered":"Pourtant, ce quotidien tranquille est chamboul\u00e9 depuis quelques semaines, avec la vente annonc\u00e9e de la r\u00e9sidence. \u00ab On&hellip;\n","protected":false},"author":2,"featured_media":155602,"comment_status":"","ping_status":"","sticky":false,"template":"","format":"standard","meta":{"footnotes":""},"categories":[1888],"tags":[11,1777,674,1011,27,1944,12,626,25],"class_list":{"0":"post-155601","1":"post","2":"type-post","3":"status-publish","4":"format-standard","5":"has-post-thumbnail","7":"category-paris","8":"tag-actualites","9":"tag-eu","10":"tag-europe","11":"tag-fr","12":"tag-france","13":"tag-ma-ville","14":"tag-news","15":"tag-paris","16":"tag-republique-francaise"},"share_on_mastodon":{"url":"https:\/\/pubeurope.com\/@fr\/114634480937517862","error":""},"_links":{"self":[{"href":"https:\/\/www.europesays.com\/fr\/wp-json\/wp\/v2\/posts\/155601","targetHints":{"allow":["GET"]}}],"collection":[{"href":"https:\/\/www.europesays.com\/fr\/wp-json\/wp\/v2\/posts"}],"about":[{"href":"https:\/\/www.europesays.com\/fr\/wp-json\/wp\/v2\/types\/post"}],"author":[{"embeddable":true,"href":"https:\/\/www.europesays.com\/fr\/wp-json\/wp\/v2\/users\/2"}],"replies":[{"embeddable":true,"href":"https:\/\/www.europesays.com\/fr\/wp-json\/wp\/v2\/comments?post=155601"}],"version-history":[{"count":0,"href":"https:\/\/www.europesays.com\/fr\/wp-json\/wp\/v2\/posts\/155601\/revisions"}],"wp:featuredmedia":[{"embeddable":true,"href":"https:\/\/www.europesays.com\/fr\/wp-json\/wp\/v2\/media\/155602"}],"wp:attachment":[{"href":"https:\/\/www.europesays.com\/fr\/wp-json\/wp\/v2\/media?parent=155601"}],"wp:term":[{"taxonomy":"category","embeddable":true,"href":"https:\/\/www.europesays.com\/fr\/wp-json\/wp\/v2\/categories?post=155601"},{"taxonomy":"post_tag","embeddable":true,"href":"https:\/\/www.europesays.com\/fr\/wp-json\/wp\/v2\/tags?post=155601"}],"curies":[{"name":"wp","href":"https:\/\/api.w.org\/{rel}","templated":true}]}}