{"id":155608,"date":"2025-06-06T04:18:14","date_gmt":"2025-06-06T04:18:14","guid":{"rendered":"https:\/\/www.europesays.com\/fr\/155608\/"},"modified":"2025-06-06T04:18:14","modified_gmt":"2025-06-06T04:18:14","slug":"le-militant-dextreme-droite-tommy-robinson-nie-avoir-harcele-des-journalistes","status":"publish","type":"post","link":"https:\/\/www.europesays.com\/fr\/155608\/","title":{"rendered":"le militant d&rsquo;extr\u00eame droite Tommy Robinson nie avoir harcel\u00e9 des journalistes"},"content":{"rendered":"<p>Le militant d&rsquo;extr\u00eame droite britannique Tommy Robinson a plaid\u00e9 non-coupable de harc\u00e8lement envers deux journalistes du Daily Mail jeudi \u00e0 Londres, quelques jours seulement apr\u00e8s avoir \u00e9t\u00e9 lib\u00e9r\u00e9 de prison dans une autre affaire.<\/p>\n<p>De son vrai nom Stephen Yaxley-Lennon, cet activiste de 42 ans inculp\u00e9 de \u00ab\u00a0harc\u00e8lement ayant engendr\u00e9 une crainte de violences\u00a0\u00bb en ao\u00fbt 2024 a rejet\u00e9 les deux chefs d&rsquo;accusation contre lui.<\/p>\n<p>Tommy Robinson est accus\u00e9 de s&rsquo;en \u00eatre pris aux journalistes Andrew Young et Jacob Dirnhuber ainsi qu&rsquo;\u00e0 leur famille entre le 5 et le 7 ao\u00fbt 2024 sur X, la plateforme du milliardaire Elon Musk qui a lui-m\u00eame exprim\u00e9 son soutien \u00e0 cette figure de l&rsquo;extr\u00eame droite britannique.<\/p>\n<p>Le Royaume-Uni \u00e9tait alors secou\u00e9 par une vague d&rsquo;\u00e9meutes antimigrants et islamophobes, que Tommy Robinson est accus\u00e9 d&rsquo;avoir contribu\u00e9 \u00e0 attiser sur les r\u00e9seaux sociaux.<\/p>\n<p>Un proc\u00e8s est pr\u00e9vu pour le 3 juillet devant la cour criminelle de Southwark, \u00e0 Londres. Tommy Robinson a \u00e9t\u00e9 maintenu en libert\u00e9.<\/p>\n<p>Des dizaines de ses soutiens l&rsquo;attendaient sous la pluie devant le tribunal, scandant son nom, casquettes MEGA (\u00ab\u00a0Make England Great Again\u00a0\u00bb) inspir\u00e9es de Donald Trump sur la t\u00eate et drapeau anglais \u00e0 la main.<\/p>\n<p>A sa sortie, ce militant, d\u00e9j\u00e0 condamn\u00e9 \u00e0 plusieurs reprises, s&rsquo;est r\u00e9joui d&rsquo;avoir \u00ab\u00a0la possibilit\u00e9 de passer devant un jury, ce qui ne s&rsquo;est jamais produit\u00a0\u00bb.<\/p>\n<p>Le procureur a toutefois not\u00e9 que ce harc\u00e8lement pr\u00e9sum\u00e9 ne contenait pas de \u00ab\u00a0menaces directes de violences\u00a0\u00bb.<\/p>\n<p>D\u00e9j\u00e0 condamn\u00e9 dans une autre affaire, Tommy Robinson est sorti de prison il y a dix jours, apr\u00e8s la d\u00e9cision de la Haute Cour de Londres de r\u00e9duire sa peine initialement fix\u00e9e \u00e0 18 mois.<\/p>\n<p>Il avait \u00e9t\u00e9 incarc\u00e9r\u00e9 fin octobre pour avoir enfreint \u00e0 plusieurs reprises une d\u00e9cision de justice de 2021, qui lui interdisait de r\u00e9p\u00e9ter des propos diffamatoires envers un jeune r\u00e9fugi\u00e9 syrien.<\/p>\n<p>Fondateur en 2009 du groupuscule English Defence League (Ligue de d\u00e9fense anglaise) issu de la mouvance hooligan, Tommy Robinson a d\u00e9j\u00e0 \u00e9t\u00e9 condamn\u00e9 notamment pour troubles \u00e0 l&rsquo;ordre public et emprisonn\u00e9 en 2018 pour outrage au tribunal.<\/p>\n<p>Il doit aussi \u00eatre jug\u00e9 en octobre 2026 pour avoir refus\u00e9 de donner le code PIN de son portable, que la police lui r\u00e9clamait en vertu des pouvoirs \u00e9tendus dont elle dispose dans le cadre de la loi sur le terrorisme de 2020.<\/p>\n<p>cla\/ctx\/tez\/bds<\/p>\n","protected":false},"excerpt":{"rendered":"Le militant d&rsquo;extr\u00eame droite britannique Tommy Robinson a plaid\u00e9 non-coupable de harc\u00e8lement envers deux journalistes du Daily Mail&hellip;\n","protected":false},"author":2,"featured_media":155609,"comment_status":"","ping_status":"","sticky":false,"template":"","format":"standard","meta":{"footnotes":""},"categories":[1588],"tags":[11,14376,28592,1777,674,28591,4534,12,473,1853,28590,1851,1850,1852],"class_list":{"0":"post-155608","1":"post","2":"type-post","3":"status-publish","4":"format-standard","5":"has-post-thumbnail","7":"category-royaume-uni","8":"tag-actualites","9":"tag-decision-de-justice","10":"tag-droite-britannique","11":"tag-eu","12":"tag-europe","13":"tag-jacob-dirnhuber","14":"tag-londres","15":"tag-news","16":"tag-royaume-uni","17":"tag-royaume-uni-de-grande-bretagne-et-dirlande-du-nord","18":"tag-tommy-robinson","19":"tag-uk","20":"tag-united-kingdom","21":"tag-united-kingdom-of-great-britain-and-northern-ireland"},"share_on_mastodon":{"url":"https:\/\/pubeurope.com\/@fr\/114634496673117218","error":""},"_links":{"self":[{"href":"https:\/\/www.europesays.com\/fr\/wp-json\/wp\/v2\/posts\/155608","targetHints":{"allow":["GET"]}}],"collection":[{"href":"https:\/\/www.europesays.com\/fr\/wp-json\/wp\/v2\/posts"}],"about":[{"href":"https:\/\/www.europesays.com\/fr\/wp-json\/wp\/v2\/types\/post"}],"author":[{"embeddable":true,"href":"https:\/\/www.europesays.com\/fr\/wp-json\/wp\/v2\/users\/2"}],"replies":[{"embeddable":true,"href":"https:\/\/www.europesays.com\/fr\/wp-json\/wp\/v2\/comments?post=155608"}],"version-history":[{"count":0,"href":"https:\/\/www.europesays.com\/fr\/wp-json\/wp\/v2\/posts\/155608\/revisions"}],"wp:featuredmedia":[{"embeddable":true,"href":"https:\/\/www.europesays.com\/fr\/wp-json\/wp\/v2\/media\/155609"}],"wp:attachment":[{"href":"https:\/\/www.europesays.com\/fr\/wp-json\/wp\/v2\/media?parent=155608"}],"wp:term":[{"taxonomy":"category","embeddable":true,"href":"https:\/\/www.europesays.com\/fr\/wp-json\/wp\/v2\/categories?post=155608"},{"taxonomy":"post_tag","embeddable":true,"href":"https:\/\/www.europesays.com\/fr\/wp-json\/wp\/v2\/tags?post=155608"}],"curies":[{"name":"wp","href":"https:\/\/api.w.org\/{rel}","templated":true}]}}