{"id":155610,"date":"2025-06-06T04:19:10","date_gmt":"2025-06-06T04:19:10","guid":{"rendered":"https:\/\/www.europesays.com\/fr\/155610\/"},"modified":"2025-06-06T04:19:10","modified_gmt":"2025-06-06T04:19:10","slug":"allemagne-les-commandes-industrielles-surprennent-a-la-hausse-en-avril-05-06-2025-a-0957","status":"publish","type":"post","link":"https:\/\/www.europesays.com\/fr\/155610\/","title":{"rendered":"Allemagne: les commandes industrielles surprennent \u00e0 la hausse en avril &#8211; 05\/06\/2025 \u00e0 09:57"},"content":{"rendered":"<p>        <img fetchpriority=\"high\" decoding=\"async\" src=\"https:\/\/www.europesays.com\/fr\/wp-content\/uploads\/2025\/06\/a67f965b1035e2744f1e421e0bd202f3-760x455.jpg\" alt=\"( AFP \/ FABIAN BIMMER )\" loading=\"eager\" width=\"760\" height=\"455\" style=\"max-width: 100%!important; height: auto;\"\/><\/p>\n<p class=\"c-image-news__legend\">( AFP \/ FABIAN BIMMER )<\/p>\n<p>\n Les commandes industrielles en Allemagne ont surpris \u00e0 la hausse en avril notamment gr\u00e2ce au secteur informatique et \u00e9lectronique, confirmant un troisi\u00e8me mois sans baisse pour l&rsquo;indicateur mensuel publi\u00e9 jeudi.\n<\/p>\n<p>\n Cet indice clef pour le secteur manufacturier, pilier de l&rsquo;\u00e9conomie allemande, a augment\u00e9 de 0,6% sur un mois, d&rsquo;apr\u00e8s des chiffres provisoires de l&rsquo;institut des statistiques Destatis.\n<\/p>\n<p>\n Les analystes de Factset s&rsquo;attendaient eux \u00e0 une baisse de 2,2% en avril.\n<\/p>\n<p>\n Il s&rsquo;agit du troisi\u00e8me mois cons\u00e9cutif sans baisse de cet indicateur d&rsquo;habitude volatil, en d\u00e9pit d&rsquo;une l\u00e9g\u00e8re correction \u00e0 la baisse pour le mois de mars (+3,4%)\n<\/p>\n<p>\n En avril, le secteur de la fabrication de produits informatiques, \u00e9lectroniques et optiques (+21,5%) ont fortement soutenu le volume global des commandes.\n<\/p>\n<p>\n L&rsquo;indicateur a aussi profit\u00e9 d&rsquo;une hausse des commandes dans le mat\u00e9riel de transport autre que les voitures et dans la m\u00e9tallurgie.\n<\/p>\n<p>\n En revanche, les commandes \u00e0 l&rsquo;industrie pharmaceutique sont retomb\u00e9es, avec une baisse de 14,1% en avril apr\u00e8s avoir bondi de 16,2% le mois pr\u00e9c\u00e9dent.\n<\/p>\n<p>\n La fabrication d&rsquo;\u00e9quipements \u00e9lectriques et de machine ont aussi eu un effet n\u00e9gatif sur le volume global.\n<\/p>\n<p>\n En excluant les grosses commandes, davantage volatiles d&rsquo;un mois \u00e0 l&rsquo;autre, l&rsquo;indicateur progresse l\u00e9g\u00e8rement moins, de 0,3%.\n<\/p>\n<p>\n \u00ab\u00a0Derri\u00e8re ces chiffres presque anodins se cache peut-\u00eatre un retournement de tendance pour l&rsquo;industrie\u00a0\u00bb, esp\u00e8re Jens-Oliver Niklasch, expert pour la banque LBBW.\n<\/p>\n<p>\n Il se r\u00e9jouit de la stabilit\u00e9 actuelle de l&rsquo;indicateur, avec une hausse de 0,5% enregistr\u00e9e sur les trois derniers mois disponibles.\n<\/p>\n<p>\n Sur un an, les commandes industrielles allemandes ont elles progress\u00e9 de 4,8%.\n<\/p>\n<p>\n Dans un communiqu\u00e9 s\u00e9par\u00e9, le minist\u00e8re de l&rsquo;Economie pointe n\u00e9anmoins \u00ab\u00a0l&rsquo;incertitude persistante en mati\u00e8re de politique commerciale et le climat d&rsquo;affaires toujours morose\u00a0\u00bb.\n<\/p>\n<p>\n \u00ab\u00a0Il reste \u00e0 voir\u00a0\u00bb si la demande industrielle continuera de progresser au cours du deuxi\u00e8me trimestre, ajoute le minist\u00e8re.\n<\/p>\n<p>\n L&rsquo;apathie de l&rsquo;industrie allemande, plomb\u00e9e par des prix de l&rsquo;\u00e9nergie \u00e9lev\u00e9s et une perte de comp\u00e9titivit\u00e9 \u00e0 l&rsquo;international, affaiblit consid\u00e9rablement la premi\u00e8re \u00e9conomie europ\u00e9enne.\n<\/p>\n<p>\n Si bien que l&rsquo;Allemagne table sur une stagnation de son produit int\u00e9rieur brut (PIB) cette ann\u00e9e, apr\u00e8s deux ann\u00e9es cons\u00e9cutives de r\u00e9cession.\n<\/p>\n<p>\n Pour retrouver la croissance, le gouvernement a pr\u00e9sent\u00e9 mercredi plusieurs aides fiscales pour soulager les entreprises et relancer les investissements priv\u00e9s.<\/p>\n","protected":false},"excerpt":{"rendered":"( AFP \/ FABIAN BIMMER ) Les commandes industrielles en Allemagne ont surpris \u00e0 la hausse en avril&hellip;\n","protected":false},"author":2,"featured_media":155611,"comment_status":"","ping_status":"","sticky":false,"template":"","format":"standard","meta":{"footnotes":""},"categories":[1587],"tags":[400,11,672,398,408,1804,405,1805,1803,1777,674,1801,403,402,399,404,12,1802,401,406,407],"class_list":{"0":"post-155610","1":"post","2":"type-post","3":"status-publish","4":"format-standard","5":"has-post-thumbnail","7":"category-allemagne","8":"tag-action-cac-40","9":"tag-actualites","10":"tag-allemagne","11":"tag-bourse-de-paris","12":"tag-boursorama","13":"tag-bundesrepublik-deutschland","14":"tag-cotations","15":"tag-de","16":"tag-deutschland","17":"tag-eu","18":"tag-europe","19":"tag-germany","20":"tag-indices-devises","21":"tag-investir","22":"tag-investissement","23":"tag-marche-boursier","24":"tag-news","25":"tag-republique-federale-dallemagne","26":"tag-sicav","27":"tag-trackers","28":"tag-warrants"},"share_on_mastodon":{"url":"https:\/\/pubeurope.com\/@fr\/114634500620648363","error":""},"_links":{"self":[{"href":"https:\/\/www.europesays.com\/fr\/wp-json\/wp\/v2\/posts\/155610","targetHints":{"allow":["GET"]}}],"collection":[{"href":"https:\/\/www.europesays.com\/fr\/wp-json\/wp\/v2\/posts"}],"about":[{"href":"https:\/\/www.europesays.com\/fr\/wp-json\/wp\/v2\/types\/post"}],"author":[{"embeddable":true,"href":"https:\/\/www.europesays.com\/fr\/wp-json\/wp\/v2\/users\/2"}],"replies":[{"embeddable":true,"href":"https:\/\/www.europesays.com\/fr\/wp-json\/wp\/v2\/comments?post=155610"}],"version-history":[{"count":0,"href":"https:\/\/www.europesays.com\/fr\/wp-json\/wp\/v2\/posts\/155610\/revisions"}],"wp:featuredmedia":[{"embeddable":true,"href":"https:\/\/www.europesays.com\/fr\/wp-json\/wp\/v2\/media\/155611"}],"wp:attachment":[{"href":"https:\/\/www.europesays.com\/fr\/wp-json\/wp\/v2\/media?parent=155610"}],"wp:term":[{"taxonomy":"category","embeddable":true,"href":"https:\/\/www.europesays.com\/fr\/wp-json\/wp\/v2\/categories?post=155610"},{"taxonomy":"post_tag","embeddable":true,"href":"https:\/\/www.europesays.com\/fr\/wp-json\/wp\/v2\/tags?post=155610"}],"curies":[{"name":"wp","href":"https:\/\/api.w.org\/{rel}","templated":true}]}}