{"id":155618,"date":"2025-06-06T04:23:11","date_gmt":"2025-06-06T04:23:11","guid":{"rendered":"https:\/\/www.europesays.com\/fr\/155618\/"},"modified":"2025-06-06T04:23:11","modified_gmt":"2025-06-06T04:23:11","slug":"trump-menace-dannuler-tous-les-contrats-delon-musk-le-fou-musk-met-hors-service-un-vaisseau-spatial-crucial","status":"publish","type":"post","link":"https:\/\/www.europesays.com\/fr\/155618\/","title":{"rendered":"Trump menace d&rsquo;annuler tous les contrats d&rsquo;Elon Musk \u00ab\u00a0le fou\u00a0\u00bb, Musk met hors service un vaisseau spatial crucial"},"content":{"rendered":"<p class=\"article-p mdl\">C\u2019est la fin de l&rsquo;idylle entre Donald Trump et Elon Musk : apr\u00e8s une p\u00e9riode d\u2019alliance entre les deux puissants hommes d\u2019affaires, leur lune de miel semble bel et bien termin\u00e9e.\u00a0Le pr\u00e9sident am\u00e9ricain et l\u2019homme le plus riche du monde ont r\u00e9gl\u00e9 leurs comptes ce jeudi 5 juin, en direct, sous l\u2019\u0153il des cam\u00e9ras et sur internet, dans une mise en sc\u00e8ne digne d\u2019une t\u00e9l\u00e9-r\u00e9alit\u00e9.<\/p>\n<p class=\"article-p mdl\">Donald Trump a tir\u00e9 le premier, se disant \u00ab\u00a0tr\u00e8s d\u00e9\u00e7u\u00a0\u00bb par\u00a0<a class=\"link\" href=\"https:\/\/www.rtl.fr\/actu\/international\/une-abomination-repugnante-elon-musk-s-en-prend-au-megaprojet-de-loi-budgetaire-de-donald-trump-7900511975\" target=\"_blank\" rel=\"noopener\">les critiques r\u00e9p\u00e9t\u00e9es d\u2019Elon Musk<\/a>\u00a0concernant son ambitieux projet de loi budg\u00e9taire, pi\u00e8ce centrale de son programme pr\u00e9sidentiel.<\/p>\n<p class=\"article-p mdl\">\u00ab\u00a0Elon et moi avions <strong>une bonne relation<\/strong>. Je ne sais pas si c&rsquo;est encore le cas\u00a0\u00bb, a-t-il lanc\u00e9 au sujet de son ancien \u00ab\u00a0conseiller sp\u00e9cial\u00a0\u00bb, qui a quitt\u00e9 vendredi dernier la mission de r\u00e9duction des d\u00e9penses publiques qu\u2019il pilotait \u00e0 la Maison Blanche.<\/p>\n<p class=\"article-p mdl\">Sur son r\u00e9seau social X, Elon Musk a imm\u00e9diatement ripost\u00e9. \u00ab\u00a0N\u2019importe quoi\u00a0\u00bb, a-t-il comment\u00e9 sous une vid\u00e9o dans laquelle Donald Trump sugg\u00e8re que sa col\u00e8re serait li\u00e9e \u00e0 la<strong> suppression de subventions pour les v\u00e9hicules \u00e9lectrique<\/strong>s.<\/p>\n<p class=\"article-p mdl\">\u00ab\u00a0Faux\u00a0\u00bb, a-t-il ensuite publi\u00e9 au-dessus d\u2019un autre extrait montrant Trump affirmant que Musk connaissait le contenu de la loi \u00e0 l\u2019avance. Une \u00ab\u00a0grande et belle loi\u00a0\u00bb selon le pr\u00e9sident, une <strong>\u00ab\u00a0abomination<\/strong>\u00a0\u00bb selon le patron de Tesla et SpaceX.<\/p>\n<p>            \u00ab\u00a0Trump aurait perdu sans moi\u00a0\u00bb<\/p>\n<p class=\"article-p mdl\">Le ton monte : le milliardaire, qui a largement financ\u00e9 la campagne r\u00e9publicaine de 2024, affirme que \u00ab\u00a0Trump aurait perdu l\u2019\u00e9lection\u00a0\u00bb sans lui et l\u2019accuse d\u00e9sormais d\u2019\u00a0\u00bb<strong>ingratitude<\/strong>\u00ab\u00a0.<\/p>\n<p class=\"article-p mdl\">Cette joute verbale a fait chuter<a class=\"link\" href=\"https:\/\/www.rtl.fr\/actu\/international\/tesla-l-entreprise-de-musk-plonge-a-wall-street-sa-valorisation-divisee-par-deux-depuis-l-election-de-trump-7900481567\" target=\"_blank\" rel=\"noopener\"> l\u2019action Tesla \u00e0 la Bourse<\/a>\u00a0de New York. Trump, lui, n\u2019a pas retenu ses coups : \u00ab\u00a0Il disait les choses les plus belles \u00e0 mon propos\u00a0\u00bb, a-t-il lanc\u00e9, d\u00e9crivant Musk comme un ancien proche devenu hostile.<\/p>\n<p class=\"article-p mdl\">\u00ab\u00a0Les gens quittent notre gouvernement, ils nous aiment, et \u00e0 un certain moment, cela leur manque tellement\u2026 Et certains d\u2019entre eux deviennent hostiles\u00a0\u00bb, a-t-il ajout\u00e9.<\/p>\n<p>            Ce \u00ab\u00a0fou\u00a0\u00bb de Musk<\/p>\n<p class=\"article-p mdl\">Sur son r\u00e9seau Truth Social, Donald Trump a assur\u00e9 avoir <strong>mis fin lui-m\u00eame \u00e0 la mission gouvernementale<\/strong> d\u2019Elon Musk,\u00a0<a class=\"link\" href=\"https:\/\/www.rtl.fr\/actu\/international\/donald-trump-et-elon-musk-binome-strategique-ou-duo-toxique-7900512387\" target=\"_blank\" rel=\"noopener\">qu\u2019il qualifie d\u00e9sormais de \u00ab\u00a0fou\u00a0\u00bb<\/a>, en raison de ses critiques sur la politique en mati\u00e8re de v\u00e9hicules \u00e9lectriques.<\/p>\n<p>Et de menacer directement : \u00ab\u00a0Le plus simple pour \u00e9conomiser des milliards et des milliards de dollars dans notre budget serait d\u2019annuler les subventions et contrats gouvernementaux\u00a0\u00bb accord\u00e9s \u00e0 SpaceX et Tesla.\u00a0<\/p>\n<p>Elon Musk a, en retour,<strong>\u00a0annonc\u00e9 mettre hors service un vaisseau spatial crucial<\/strong>.\u00a0Le divorce semble, cette fois, d\u00e9finitivement consomm\u00e9.<\/p>\n<p>    La r\u00e9daction vous recommande<\/p>\n<p class=\"s-newsletter__title\">\n                L\u2019actualit\u00e9 par la r\u00e9daction de RTL dans votre bo\u00eete mail.\n            <\/p>\n<p class=\"s-newsletter__subtitle\">\n                Gr\u00e2ce \u00e0 votre compte RTL abonnez-vous \u00e0 la newsletter RTL info pour suivre toute l&rsquo;actualit\u00e9 au quotidien\n            <\/p>\n<p>\n                                    Lire la suite\n                                <\/p>\n","protected":false},"excerpt":{"rendered":"C\u2019est la fin de l&rsquo;idylle entre Donald Trump et Elon Musk : apr\u00e8s une p\u00e9riode d\u2019alliance entre les&hellip;\n","protected":false},"author":2,"featured_media":155619,"comment_status":"","ping_status":"","sticky":false,"template":"","format":"standard","meta":{"footnotes":""},"categories":[2],"tags":[11,7681,75,46,73,107,1011,27,12,25],"class_list":{"0":"post-155618","1":"post","2":"type-post","3":"status-publish","4":"format-standard","5":"has-post-thumbnail","7":"category-actualites","8":"tag-actualites","9":"tag-divorce","10":"tag-donald-trump","11":"tag-elon-musk","12":"tag-etats-unis","13":"tag-fil-info","14":"tag-fr","15":"tag-france","16":"tag-news","17":"tag-republique-francaise"},"share_on_mastodon":{"url":"https:\/\/pubeurope.com\/@fr\/114634516295668638","error":""},"_links":{"self":[{"href":"https:\/\/www.europesays.com\/fr\/wp-json\/wp\/v2\/posts\/155618","targetHints":{"allow":["GET"]}}],"collection":[{"href":"https:\/\/www.europesays.com\/fr\/wp-json\/wp\/v2\/posts"}],"about":[{"href":"https:\/\/www.europesays.com\/fr\/wp-json\/wp\/v2\/types\/post"}],"author":[{"embeddable":true,"href":"https:\/\/www.europesays.com\/fr\/wp-json\/wp\/v2\/users\/2"}],"replies":[{"embeddable":true,"href":"https:\/\/www.europesays.com\/fr\/wp-json\/wp\/v2\/comments?post=155618"}],"version-history":[{"count":0,"href":"https:\/\/www.europesays.com\/fr\/wp-json\/wp\/v2\/posts\/155618\/revisions"}],"wp:featuredmedia":[{"embeddable":true,"href":"https:\/\/www.europesays.com\/fr\/wp-json\/wp\/v2\/media\/155619"}],"wp:attachment":[{"href":"https:\/\/www.europesays.com\/fr\/wp-json\/wp\/v2\/media?parent=155618"}],"wp:term":[{"taxonomy":"category","embeddable":true,"href":"https:\/\/www.europesays.com\/fr\/wp-json\/wp\/v2\/categories?post=155618"},{"taxonomy":"post_tag","embeddable":true,"href":"https:\/\/www.europesays.com\/fr\/wp-json\/wp\/v2\/tags?post=155618"}],"curies":[{"name":"wp","href":"https:\/\/api.w.org\/{rel}","templated":true}]}}