{"id":155620,"date":"2025-06-06T04:24:27","date_gmt":"2025-06-06T04:24:27","guid":{"rendered":"https:\/\/www.europesays.com\/fr\/155620\/"},"modified":"2025-06-06T04:24:27","modified_gmt":"2025-06-06T04:24:27","slug":"pourquoi-les-logos-de-france-2-france-3-france-4-et-france-5-ont-ils-disparu","status":"publish","type":"post","link":"https:\/\/www.europesays.com\/fr\/155620\/","title":{"rendered":"Pourquoi les logos de France 2, France 3, France 4 et France 5 ont-ils disparu ?"},"content":{"rendered":"<p>Depuis ce vendredi 6 juin, les logos des cha\u00eenes France 2, France 3, France 4 et France 5 ont disparu ! En haut \u00e0 droite de votre \u00e9cran, vous retrouvez la marque france.tv. Mais pourquoi un tel changement en ce jour de la nouvelle num\u00e9rotation de la TNT ?<\/p>\n<p>C&rsquo;est la plus grande r\u00e9volution du petit \u00e9cran depuis le lancement de la <a href=\"https:\/\/www.programme-tv.net\/news\/tv\/379562-changement-de-numerotation-des-chaines-de-la-tnt-faudra-t-il-faire-quelque-chose\/\" data-api-deeplink=\"teleloisirs:\/\/news\/379562\" rel=\"nofollow noopener\" target=\"_blank\">T\u00e9l\u00e9vision Num\u00e9rique Terrestre<\/a> en 2005. Vingt ans apr\u00e8s leur arriv\u00e9e dans nos postes, <b>une grande r\u00e9forme de la num\u00e9rotation des cha\u00eenes bouleverse tout (ou presque) \u00e0 compter de ce vendredi 6\u00a0juin 2025<\/b>. L&rsquo;Arcom, le gendarme de l&rsquo;audiovisuel qui chapeaute tous ces changements, a d\u00e9cid\u00e9 de regrouper les cha\u00eenes par th\u00e8mes\u00a0: info, divertissement, jeunesse\u2026 C\u2019est plus facile pour s\u2019y retrouver\u00a0! La nouvelle num\u00e9rotation est permise parce que <a href=\"https:\/\/www.programme-tv.net\/news\/tv\/379927-ou-retrouver-la-chaine-canal-apres-sa-disparition-du-canal-4-de-la-tnt-le-6-juin\/\" data-api-deeplink=\"teleloisirs:\/\/news\/379927\" rel=\"nofollow noopener\" target=\"_blank\">Canal+ quitte la TNT<\/a>, et que <a href=\"https:\/\/www.programme-tv.net\/news\/tv\/366903-officiel-l-arcom-confirme-c8-et-nrj-12-disparaitront-definitivement-de-la-tnt-le-28-fevrier-prochain\/\" data-api-deeplink=\"teleloisirs:\/\/news\/366903\" rel=\"nofollow noopener\" target=\"_blank\">C8 et NRJ12 tirent aussi leur r\u00e9v\u00e9rence<\/a>. L\u2019id\u00e9e est donc \u00e9galement d\u2019accueillir de nouvelles cha\u00eenes, de rafra\u00eechir l\u2019offre, et de r\u00e9pondre aux attentes des t\u00e9l\u00e9spectateurs.<\/p>\n<p>Laurent Ruquier d\u00e9barque sur T18 pour animer Chez Ruquier tous les samedis<\/p>\n<p>Plusieurs cha\u00eenes vont changer de place\u00a0! France 4, par exemple, prend la place du canal 4, l\u00e0 o\u00f9 Canal+ dit au revoir \u00e0 la TNT. LCP et Public S\u00e9nat, elles, vont sur le canal 8 tandis que Gulli d\u00e9m\u00e9nage sur le canal 12. <b>Les cha\u00eenes d\u2019information en continu, elles, sont d\u00e9sormais regroup\u00e9es<\/b>. Elles gardent leur ordre de num\u00e9rotation et <a href=\"https:\/\/www.programme-tv.net\/news\/people\/380037-presque-deux-jours-que-tu-es-nee-marc-hay-le-presentateur-meteo-de-bfmtv-devoile-un-premier-cliche-de-sa-fille-photo\/\" data-api-deeplink=\"teleloisirs:\/\/news\/380037\" rel=\"nofollow noopener\" target=\"_blank\">BFMTV<\/a>, <a href=\"https:\/\/www.programme-tv.net\/news\/tv\/378332-on-peut-parler-de-fidelite-et-dattachement-sonia-mabrouk-a-refuse-de-rejoindre-bfm-tv-et-explique-sa-decision-de-rester-sur-cnews-et-europe-1\/\" data-api-deeplink=\"teleloisirs:\/\/news\/378332\" rel=\"nofollow noopener\" target=\"_blank\">CNews<\/a>, <a href=\"https:\/\/www.programme-tv.net\/news\/tv\/378963-la-rancune-ne-fait-pas-partie-de-mon-vocabulaire-eric-brunet-de-retour-sur-lci-le-patron-de-l-info-justifie-son-choix\/\" data-api-deeplink=\"teleloisirs:\/\/news\/378963\" rel=\"nofollow noopener\" target=\"_blank\">LCI<\/a> et <a href=\"https:\/\/www.programme-tv.net\/news\/tv\/366830-mon-corps-commencait-a-fatiguer-samuel-etienne-explique-pourquoi-il-a-quitte-la-matinale-de-franceinfo\/\" data-api-deeplink=\"teleloisirs:\/\/news\/366830\" rel=\"nofollow noopener\" target=\"_blank\">Franceinfo<\/a> sont respectivement sur les canaux 13, 14, 15 et 16. Sur le canal 18, bienvenue \u00e0\u2026 T18\u00a0! La nouvelle venue vise le grand public et proposera des documentaires, du divertissement et des \u00e9missions d\u2019info et de d\u00e9bat. Parmi les programmes \u00e0 retenir, <a href=\"https:\/\/www.programme-tv.net\/news\/tv\/380004-ce-n-est-pas-un-affrontement-laurent-ruquier-reagit-a-la-rediffusion-de-son-emission-sur-t18-en-face-de-quelle-epoque-avec-lea-salame\/\" data-api-deeplink=\"teleloisirs:\/\/news\/380004\" rel=\"nofollow noopener\" target=\"_blank\">Chez Ruquier, une \u00e9mission culturelle anim\u00e9e tous les samedis par Laurent Ruquier<\/a>.<\/p>\n<p>                        Mais o\u00f9 sont pass\u00e9s les logos de France 2, France 3, France 4 et France 5 et pourquoi ont-ils disparu\u00a0?<\/p>\n<p>Comme si tout \u00e7a ne suffisait pas, France T\u00e9l\u00e9visions a d\u00e9cid\u00e9 d&rsquo;apporter un autre changement, cette fois-ci esth\u00e9tique, \u00e0 l&rsquo;ensemble de ses cha\u00eenes. Et on parle d&rsquo;un vrai bouleversement d\u2019image\u00a0! <b>Les logos classiques de France 2, France 3, France 4 et France 5 <\/b><a href=\"https:\/\/www.programme-tv.net\/news\/tv\/374314-france-televisions-annonce-un-gros-changement-pour-toutes-ses-chaines-et-qui-pourrait-derouter-le-public\/\" data-api-deeplink=\"teleloisirs:\/\/news\/374314\" rel=\"nofollow noopener\" target=\"_blank\"><b>sont remplac\u00e9s par la marque unique \u00ab\u00a0france.tv\u00a0\u00bb<\/b><\/a><b>, que vous verrez appara\u00eetre en haut \u00e0 droite de votre \u00e9cran<\/b>. Pourquoi\u00a0? Parce que France T\u00e9l\u00e9visions veut renforcer son identit\u00e9 collective et faire de sa plateforme une vraie marque connue de tous. \u00ab\u00a0Pour un m\u00f4me de 15 ans, le [logo] .2 \u00e7a ne veut rien dire. [&#8230;] L\u2019union fait la force. Tout notre enjeu est d\u2019\u00eatre reconnu\u00a0\u00bb, a expliqu\u00e9 Delphine Ernotte, la pr\u00e9sidente de France T\u00e9l\u00e9visions. Reste \u00e0 savoir si cette nouveaut\u00e9 sera p\u00e9renne car c&rsquo;est bien celle qui risque de d\u00e9stabiliser le plus de monde\u00a0!<\/p>\n","protected":false},"excerpt":{"rendered":"Depuis ce vendredi 6 juin, les logos des cha\u00eenes France 2, France 3, France 4 et France 5&hellip;\n","protected":false},"author":2,"featured_media":155621,"comment_status":"","ping_status":"","sticky":false,"template":"","format":"standard","meta":{"footnotes":""},"categories":[4],"tags":[11,244,1011,27,876,22363,4467,594,12,25,3171],"class_list":{"0":"post-155620","1":"post","2":"type-post","3":"status-publish","4":"format-standard","5":"has-post-thumbnail","7":"category-france","8":"tag-actualites","9":"tag-commentaire","10":"tag-fr","11":"tag-france","12":"tag-france-3","13":"tag-france-4","14":"tag-france-5","15":"tag-france-2","16":"tag-news","17":"tag-republique-francaise","18":"tag-tnt"},"share_on_mastodon":{"url":"https:\/\/pubeurope.com\/@fr\/114634520200156736","error":""},"_links":{"self":[{"href":"https:\/\/www.europesays.com\/fr\/wp-json\/wp\/v2\/posts\/155620","targetHints":{"allow":["GET"]}}],"collection":[{"href":"https:\/\/www.europesays.com\/fr\/wp-json\/wp\/v2\/posts"}],"about":[{"href":"https:\/\/www.europesays.com\/fr\/wp-json\/wp\/v2\/types\/post"}],"author":[{"embeddable":true,"href":"https:\/\/www.europesays.com\/fr\/wp-json\/wp\/v2\/users\/2"}],"replies":[{"embeddable":true,"href":"https:\/\/www.europesays.com\/fr\/wp-json\/wp\/v2\/comments?post=155620"}],"version-history":[{"count":0,"href":"https:\/\/www.europesays.com\/fr\/wp-json\/wp\/v2\/posts\/155620\/revisions"}],"wp:featuredmedia":[{"embeddable":true,"href":"https:\/\/www.europesays.com\/fr\/wp-json\/wp\/v2\/media\/155621"}],"wp:attachment":[{"href":"https:\/\/www.europesays.com\/fr\/wp-json\/wp\/v2\/media?parent=155620"}],"wp:term":[{"taxonomy":"category","embeddable":true,"href":"https:\/\/www.europesays.com\/fr\/wp-json\/wp\/v2\/categories?post=155620"},{"taxonomy":"post_tag","embeddable":true,"href":"https:\/\/www.europesays.com\/fr\/wp-json\/wp\/v2\/tags?post=155620"}],"curies":[{"name":"wp","href":"https:\/\/api.w.org\/{rel}","templated":true}]}}