{"id":155626,"date":"2025-06-06T04:28:09","date_gmt":"2025-06-06T04:28:09","guid":{"rendered":"https:\/\/www.europesays.com\/fr\/155626\/"},"modified":"2025-06-06T04:28:09","modified_gmt":"2025-06-06T04:28:09","slug":"roland-garros-djokovic-avant-daffronter-sinner-en-demi-finales-si-vous-regardez-les-resultats-que-jai-eus-cette-annee-a-savoir-plusieurs-defaites-au-premier-tour-des-masters-1000-ce-nest-pa","status":"publish","type":"post","link":"https:\/\/www.europesays.com\/fr\/155626\/","title":{"rendered":"Roland Garros > Djokovic, avant d&rsquo;affronter Sinner en demi-finales : \u00ab\u00a0Si vous regardez les r\u00e9sultats que j&rsquo;ai eus cette ann\u00e9e, \u00e0 savoir plusieurs d\u00e9faites au premier tour des Masters 1000, ce n&rsquo;est pas un sentiment agr\u00e9able\u00a0\u00bb"},"content":{"rendered":"<p>Alors qu\u2019il avait mal commenc\u00e9 sa saison sur terre battue, avec des \u00e9limi\u00adna\u00adtions d\u2019en\u00adtr\u00e9e \u00e0 Monte\u2010Carlo et Madrid, Novak Djokovic se retrouve quelques semaines plus tard en demi\u2010finales de Roland\u2010Garros.\u00a0<\/p>\n<p>En conf\u00e9\u00adrence de presse, le Serbe a rappel\u00e9 que sa prio\u00adrit\u00e9 \u00e9tait les tour\u00adnois du Grand Chelem.\u00a0<\/p>\n<p><strong>\u00ab\u202fSi vous regardez les r\u00e9sul\u00adtats que j\u2019ai eus cette ann\u00e9e, \u00e0 savoir plusieurs d\u00e9faites au premier tour des Masters 1000, ce n\u2019est pas un senti\u00adment agr\u00e9able. C\u2019est quelque chose que je n\u2019avais pas connu depuis de nombreuses ann\u00e9es apr\u00e8s 20\u00a0ans sur le circuit. C\u2019est pour\u00adquoi j\u2019ai dit que d\u2019une certaine mani\u00e8re je devais essayer de trouver un moyen de rebondir en Grand Chelem. Ce n\u2019est pas un secret, c\u2019est comme \u00e7a depuis des ann\u00e9es, mais pour moi il n\u2019y a plus que \u00e7a qui compte, \u00e0 savoir \u00e9lever mon niveau et de jouer mon meilleur tennis dans ces quatre tour\u00adnois. Et c\u2019est ce que j\u2019ai r\u00e9ussi \u00e0 faire. Je pense que la victoire contre Alcaraz en quarts de finale de l\u2019Open d\u2019Australie et celle de ce soir\u00a0(mercredi)\u00a0contre Zverev\u00a0me prouvent \u00e0 moi et aux autres que je peux encore jouer au plus haut niveau. Et je m\u2019\u00e9pa\u00adnouis dans ces occasions.\u202f\u00bb<\/strong><\/p>\n<p>Vendredi en session de nuit, Djokovic affron\u00adtera le num\u00e9ro 1 mondial Jannik Sinner pour une place en finale.<\/p>\n<p class=\"post-published-date\" style=\"color: silver; font-size: 75%; text-align: left;\">Publi\u00e9 le jeudi 5 juin 2025 \u00e0 21:22<\/p>\n","protected":false},"excerpt":{"rendered":"Alors qu\u2019il avait mal commenc\u00e9 sa saison sur terre battue, avec des \u00e9limi\u00adna\u00adtions d\u2019en\u00adtr\u00e9e \u00e0 Monte\u2010Carlo et Madrid,&hellip;\n","protected":false},"author":2,"featured_media":155627,"comment_status":"","ping_status":"","sticky":false,"template":"","format":"standard","meta":{"footnotes":""},"categories":[1415],"tags":[1744,105,1011,27,2127,60,1467],"class_list":{"0":"post-155626","1":"post","2":"type-post","3":"status-publish","4":"format-standard","5":"has-post-thumbnail","7":"category-tennis","8":"tag-alcaraz","9":"tag-djokovic","10":"tag-fr","11":"tag-france","12":"tag-sinner","13":"tag-sports","14":"tag-tennis"},"share_on_mastodon":{"url":"https:\/\/pubeurope.com\/@fr\/114634535918638109","error":""},"_links":{"self":[{"href":"https:\/\/www.europesays.com\/fr\/wp-json\/wp\/v2\/posts\/155626","targetHints":{"allow":["GET"]}}],"collection":[{"href":"https:\/\/www.europesays.com\/fr\/wp-json\/wp\/v2\/posts"}],"about":[{"href":"https:\/\/www.europesays.com\/fr\/wp-json\/wp\/v2\/types\/post"}],"author":[{"embeddable":true,"href":"https:\/\/www.europesays.com\/fr\/wp-json\/wp\/v2\/users\/2"}],"replies":[{"embeddable":true,"href":"https:\/\/www.europesays.com\/fr\/wp-json\/wp\/v2\/comments?post=155626"}],"version-history":[{"count":0,"href":"https:\/\/www.europesays.com\/fr\/wp-json\/wp\/v2\/posts\/155626\/revisions"}],"wp:featuredmedia":[{"embeddable":true,"href":"https:\/\/www.europesays.com\/fr\/wp-json\/wp\/v2\/media\/155627"}],"wp:attachment":[{"href":"https:\/\/www.europesays.com\/fr\/wp-json\/wp\/v2\/media?parent=155626"}],"wp:term":[{"taxonomy":"category","embeddable":true,"href":"https:\/\/www.europesays.com\/fr\/wp-json\/wp\/v2\/categories?post=155626"},{"taxonomy":"post_tag","embeddable":true,"href":"https:\/\/www.europesays.com\/fr\/wp-json\/wp\/v2\/tags?post=155626"}],"curies":[{"name":"wp","href":"https:\/\/api.w.org\/{rel}","templated":true}]}}