{"id":155628,"date":"2025-06-06T04:30:10","date_gmt":"2025-06-06T04:30:10","guid":{"rendered":"https:\/\/www.europesays.com\/fr\/155628\/"},"modified":"2025-06-06T04:30:10","modified_gmt":"2025-06-06T04:30:10","slug":"motogp-cela-commence-mal-en-aragon-un-autre-pilote-forfait-et-absent-sur-la-grille","status":"publish","type":"post","link":"https:\/\/www.europesays.com\/fr\/155628\/","title":{"rendered":"MotoGP Cela commence mal en Aragon, un autre pilote forfait et absent sur la grille !"},"content":{"rendered":"<p>Il semblait pourtant presque acquis qu\u2019il serait sur sa moto, ce week-end, sur le Grand-Prix d\u2019Aragon de MotoGP. Malheureusement, le pilote Trackhouse Aprilia vient d\u2019\u00eatre d\u00e9clar\u00e9 \u201cunfit\u201d c\u2019est \u00e0 dire, inapte \u00e0 participer \u00e0 l\u2019\u00e9preuve, par les m\u00e9decins, ce jeudi. C\u2019est d\u2019Ai Ogura dont il est question. Voil\u00e0 une \u00e9ni\u00e8me mauvaise nouvelle pour Aprilia, qui essayera toutefois de profiter de l\u2019embellie constitu\u00e9e par la victoire de Marco Bezzecchi, lors de la derni\u00e8re manche, \u00e0 Silverstone.<\/p>\n<p>MotoGP : trois Aprilia ce week-end au G.P d\u2019Aragon<\/p>\n<p>Il n\u2019y aura donc que trois Aprilia ce week-end en Espagne, Lorenzo Savadori rempla\u00e7ant d\u00e9j\u00e0 Jorge Martin, au sein de l\u2019\u00e9curie officielle.<\/p>\n<blockquote class=\"twitter-tweet\">\n<p dir=\"ltr\" lang=\"en\">Update on Trackhouse MotoGP Team rider #79 Ai Ogura: following the injury he sustained in his crash in Free Practice 1 on Friday May 23, at Silverstone, during the Grand Prix of the United Kingdom and subsequent recovery progress \u2013 issued Thursday, June 5:<\/p>\n<p>Barcelona \u2013 Thursday,\u2026 <a href=\"https:\/\/t.co\/2bUCVabisf\" target=\"_blank\">pic.twitter.com\/2bUCVabisf<\/a><\/p>\n<p>\u2014 Trackhouse MotoGP (@TrackhouseMoto) <a href=\"https:\/\/twitter.com\/TrackhouseMoto\/status\/1930703858252050605?ref_src=twsrc%5Etfw\" target=\"_blank\" rel=\"noopener\">June 5, 2025<\/a><\/p>\n<\/blockquote>\n<p>Article publi\u00e9 le 06\/06\/2025 \u00e0 6h14<\/p>\n<p>                                            <img loading=\"lazy\" alt=\"\" class=\"avatar avatar-100 photo lazyload\" height=\"100\" width=\"100\" decoding=\"async\" src=\"https:\/\/www.europesays.com\/fr\/wp-content\/uploads\/2025\/06\/1749184210_204_ffbb894c35ea5189d599d4ea062c98b86ffb67cc602fa683ebcbf422a80fc47a\"  data-eio-rwidth=\"100\" data-eio-rheight=\"100\"\/><\/p>\n<p class=\"h2\">\n                                            Julien Barthet\n                                        <\/p>\n<p>R\u00e9dacteur professionnel, titulaire de la carte de presse pendant 3 ans. Fondateur\/Directeur et R\u00e9dacteur en chef Le Mag Sport Auto et LeMagJeuxHighTech.com.&#13;<br \/>\nEx-Pilote automobile : 55 courses (Formule Ford, F.Campus, Coupe 206 Sprint et Relais, Saxo, Ford Fiesta Allemagne, Mitjet) 1 Victoire. Essais F3, Nascar Euro, Caterham, F.Renault, etc.<\/p>\n<p>                                                                                                                            <a href=\"https:\/\/lemagsportauto.ouest-france.fr\/author\/lmsa_adm\/\" title=\"Julien Barthet\" target=\"_blank\" rel=\"noopener\"><br \/>\n                                                Voir les publications de l&rsquo;auteur<br \/>\n                                            <\/a><\/p>\n<p>                                <script async src=\"https:\/\/platform.twitter.com\/widgets.js\" charset=\"utf-8\"><\/script><\/p>\n","protected":false},"excerpt":{"rendered":"Il semblait pourtant presque acquis qu\u2019il serait sur sa moto, ce week-end, sur le Grand-Prix d\u2019Aragon de MotoGP.&hellip;\n","protected":false},"author":2,"featured_media":155629,"comment_status":"","ping_status":"","sticky":false,"template":"","format":"standard","meta":{"footnotes":""},"categories":[1413],"tags":[3378,5828,1011,27,1457,1456,1458,60],"class_list":{"0":"post-155628","1":"post","2":"type-post","3":"status-publish","4":"format-standard","5":"has-post-thumbnail","7":"category-moto","8":"tag-ai-ogura","9":"tag-aprilia","10":"tag-fr","11":"tag-france","12":"tag-moto","13":"tag-motocycle","14":"tag-motogp","15":"tag-sports"},"share_on_mastodon":{"url":"https:\/\/pubeurope.com\/@fr\/114634543833048118","error":""},"_links":{"self":[{"href":"https:\/\/www.europesays.com\/fr\/wp-json\/wp\/v2\/posts\/155628","targetHints":{"allow":["GET"]}}],"collection":[{"href":"https:\/\/www.europesays.com\/fr\/wp-json\/wp\/v2\/posts"}],"about":[{"href":"https:\/\/www.europesays.com\/fr\/wp-json\/wp\/v2\/types\/post"}],"author":[{"embeddable":true,"href":"https:\/\/www.europesays.com\/fr\/wp-json\/wp\/v2\/users\/2"}],"replies":[{"embeddable":true,"href":"https:\/\/www.europesays.com\/fr\/wp-json\/wp\/v2\/comments?post=155628"}],"version-history":[{"count":0,"href":"https:\/\/www.europesays.com\/fr\/wp-json\/wp\/v2\/posts\/155628\/revisions"}],"wp:featuredmedia":[{"embeddable":true,"href":"https:\/\/www.europesays.com\/fr\/wp-json\/wp\/v2\/media\/155629"}],"wp:attachment":[{"href":"https:\/\/www.europesays.com\/fr\/wp-json\/wp\/v2\/media?parent=155628"}],"wp:term":[{"taxonomy":"category","embeddable":true,"href":"https:\/\/www.europesays.com\/fr\/wp-json\/wp\/v2\/categories?post=155628"},{"taxonomy":"post_tag","embeddable":true,"href":"https:\/\/www.europesays.com\/fr\/wp-json\/wp\/v2\/tags?post=155628"}],"curies":[{"name":"wp","href":"https:\/\/api.w.org\/{rel}","templated":true}]}}