{"id":155630,"date":"2025-06-06T04:31:09","date_gmt":"2025-06-06T04:31:09","guid":{"rendered":"https:\/\/www.europesays.com\/fr\/155630\/"},"modified":"2025-06-06T04:31:09","modified_gmt":"2025-06-06T04:31:09","slug":"yamal-a-encore-marque-les-esprits-la-quete-du-ballon-dor-relancee","status":"publish","type":"post","link":"https:\/\/www.europesays.com\/fr\/155630\/","title":{"rendered":"Yamal a (encore) marqu\u00e9 les esprits, la qu\u00eate du Ballon d\u2019Or relanc\u00e9e ?"},"content":{"rendered":"<p>Homme du match face aux Bleus (5-4) avec un doubl\u00e9 et des actions de classe mondiale, l\u2019Espagnol de 17 ans a \u00e9t\u00e9 le grand monsieur de la qualification des siens en finale de Ligue des nations.<\/p>\n<p class=\"fig-paragraph\">Quand il d\u00e9barque en salle de presse \u00e0 la Stuttgart Arena peu avant minuit,\u00a0<a href=\"http:\/\/www.lefigaro.fr\/sports\/football\/ligue-des-nations\/ligue-des-nations-domptes-par-yamal-et-l-espagne-au-terme-d-un-match-fou-les-bleus-disent-adieu-a-la-finale-20250605\" data-fig-type=\"NewsFlash\" data-gtm-custom-categorie=\"navigation\" data-gtm-custom-action=\"crossclick\" data-gtm-custom-label=\"Contextuel\" data-gtm-event=\"customEventSPE\" data-fig-domain=\"LEFIGARO\" target=\"_blank\" rel=\"noopener\">Lamine Yamal<\/a>, casquette \u00e0 l\u2019envers viss\u00e9e sur la t\u00eate, ne cache pas son sourire. Il sait le travail accompli, la soir\u00e9e r\u00e9ussie et les \u00e9loges pr\u00eats \u00e0 l\u2019accompagner jusqu\u2019\u00e0 la finale contre le Portugal dimanche soir (21h).<a href=\"http:\/\/www.lefigaro.fr\/sports\/football\/ligue-des-nations\/espagne-france-on-a-les-boules-on-est-frustres-les-mots-forts-de-mbappe-20250605\" data-fig-type=\"NewsFlash\" data-gtm-custom-categorie=\"navigation\" data-gtm-custom-action=\"crossclick\" data-gtm-custom-label=\"Contextuel\" data-gtm-event=\"customEventSPE\" data-fig-domain=\"LEFIGARO\" target=\"_blank\" rel=\"noopener\">\u00a0\u00c9lu homme du match avec son doubl\u00e9<\/a>\u00a0et une d\u00e9fense fran\u00e7aise martyris\u00e9e, la p\u00e9pite de 17 ans a de suite \u00e9t\u00e9 questionn\u00e9e sur le combat qu\u2019il livre avec Ousmane Demb\u00e9l\u00e9 dans la course au Ballon d\u2019Or.<\/p>\n<p class=\"fig-paragraph\">\u00ab C\u2019est un tr\u00e8s grand joueur, mais c\u2019est nous qui sommes en finale\u00a0\u00bb, a-t-il souffl\u00e9 en toute tranquillit\u00e9 dans des propos qui font \u00e9cho \u00e0 ceux d\u2019Ibrahima Konat\u00e9 \u00e0 la veille du match, lequel d\u00e9fendait la candidature d\u2019Ousmane Demb\u00e9l\u00e9 dans la qu\u00eate de la plus grande distinction individuelle. Le Catalan a avanc\u00e9 que l\u2019important \u00ab est de parler sur le terrain\u00a0\u00bb, chose qu\u2019il a ma\u00eetris\u00e9e jeudi soir avec une nouvelle production de tr\u00e8s grande qualit\u00e9.<\/p>\n<p>Le match avec Demb\u00e9l\u00e9 n\u2019est pas termin\u00e9<\/p>\n<p class=\"fig-paragraph\">Poison constant pour une \u00e9quipe de France qui n\u2019a jamais r\u00e9ussi \u00e0 le freiner, Lamine Yamal n\u2019en a pas rajout\u00e9 apr\u00e8s la rencontre, entre sobri\u00e9t\u00e9 et sentiment du devoir accompli. Il sait d\u00e9sormais qu\u2019une victoire contre le Portugal lui permettrait de partir en vacances l\u2019esprit serein, lui qui ne participe pas \u00e0 la coupe du monde des clubs.<\/p>\n<p class=\"fig-paragraph\">\u00ab L\u2019\u00e9quipe de France est une grande \u00e9quipe, a-t-il souffl\u00e9. Le score \u00e0 la 60e minute \u00e9tait \u00e9norme, mais ce sont des joueurs de classe mondiale qui vous font souffrir (&#8230;) C\u2019est normal. Mais nous sommes tr\u00e8s contents de la victoire.\u00a0\u00bb Relanc\u00e9 une ultime fois sur le Ballon d\u2019Or, il ne s\u2019est pas d\u00e9fil\u00e9\u00a0: \u00ab Le plus important, c\u2019\u00e9tait la qualification en finale. Le Ballon d\u2019Or est pour le meilleur joueur de l\u2019ann\u00e9e, j\u2019avais dit que je n\u2019aurais eu aucun mal \u00e0 me le jouer ce (jeudi) soir.\u00a0\u00bb La bataille avec Demb\u00e9l\u00e9 est loin d\u2019\u00eatre termin\u00e9e.<\/p>\n<p>    Yamal et Williams<br \/>\n                Angelika Warmuth \/ REUTERS<\/p>\n","protected":false},"excerpt":{"rendered":"Homme du match face aux Bleus (5-4) avec un doubl\u00e9 et des actions de classe mondiale, l\u2019Espagnol de&hellip;\n","protected":false},"author":2,"featured_media":155631,"comment_status":"","ping_status":"","sticky":false,"template":"","format":"standard","meta":{"footnotes":""},"categories":[1412],"tags":[672,828,525,8976,20532,123,1451,1452,1453,1454,1455,1011,27,6477,16748,3022,23733,955,23734,6996,1980,60,455],"class_list":{"0":"post-155630","1":"post","2":"type-post","3":"status-publish","4":"format-standard","5":"has-post-thumbnail","7":"category-f1","8":"tag-allemagne","9":"tag-belgique","10":"tag-calendrier","11":"tag-classements","12":"tag-didier-deschamps","13":"tag-espagne","14":"tag-f1","15":"tag-formula-1","16":"tag-formula1","17":"tag-formule-1","18":"tag-formule1","19":"tag-fr","20":"tag-france","21":"tag-kylian-mbappe","22":"tag-lamine-yamal","23":"tag-ligue","24":"tag-ligue-des-nations","25":"tag-match","26":"tag-match-en-direct","27":"tag-portugal","28":"tag-resultats","29":"tag-sports","30":"tag-uefa"},"share_on_mastodon":{"url":"https:\/\/pubeurope.com\/@fr\/114634547752913848","error":""},"_links":{"self":[{"href":"https:\/\/www.europesays.com\/fr\/wp-json\/wp\/v2\/posts\/155630","targetHints":{"allow":["GET"]}}],"collection":[{"href":"https:\/\/www.europesays.com\/fr\/wp-json\/wp\/v2\/posts"}],"about":[{"href":"https:\/\/www.europesays.com\/fr\/wp-json\/wp\/v2\/types\/post"}],"author":[{"embeddable":true,"href":"https:\/\/www.europesays.com\/fr\/wp-json\/wp\/v2\/users\/2"}],"replies":[{"embeddable":true,"href":"https:\/\/www.europesays.com\/fr\/wp-json\/wp\/v2\/comments?post=155630"}],"version-history":[{"count":0,"href":"https:\/\/www.europesays.com\/fr\/wp-json\/wp\/v2\/posts\/155630\/revisions"}],"wp:featuredmedia":[{"embeddable":true,"href":"https:\/\/www.europesays.com\/fr\/wp-json\/wp\/v2\/media\/155631"}],"wp:attachment":[{"href":"https:\/\/www.europesays.com\/fr\/wp-json\/wp\/v2\/media?parent=155630"}],"wp:term":[{"taxonomy":"category","embeddable":true,"href":"https:\/\/www.europesays.com\/fr\/wp-json\/wp\/v2\/categories?post=155630"},{"taxonomy":"post_tag","embeddable":true,"href":"https:\/\/www.europesays.com\/fr\/wp-json\/wp\/v2\/tags?post=155630"}],"curies":[{"name":"wp","href":"https:\/\/api.w.org\/{rel}","templated":true}]}}