{"id":155654,"date":"2025-06-06T04:45:16","date_gmt":"2025-06-06T04:45:16","guid":{"rendered":"https:\/\/www.europesays.com\/fr\/155654\/"},"modified":"2025-06-06T04:45:16","modified_gmt":"2025-06-06T04:45:16","slug":"un-general-americain-nomme-a-la-tete-des-forces-armees-de-lotan-en-europe","status":"publish","type":"post","link":"https:\/\/www.europesays.com\/fr\/155654\/","title":{"rendered":"Un g\u00e9n\u00e9ral am\u00e9ricain nomm\u00e9 \u00e0 la t\u00eate des forces arm\u00e9es de l&rsquo;Otan en Europe"},"content":{"rendered":"<p>Les \u00c9tats-Unis ont nomm\u00e9 Alexus G. Grynkewich, qui est un ancien pilote, et est \u00e2g\u00e9 de 53 ans. Il prendra \u00e9galement le commandement des forces am\u00e9ricaines en Europe.<\/p>\n<p class=\"fig-paragraph\">Les\u00a0<a href=\"http:\/\/www.lefigaro.fr\/flash-eco\/etats-unis-l-activite-economique-est-en-recul-pointe-un-rapport-de-la-fed-20250604\" data-fig-type=\"NewsFlash\" data-gtm-custom-categorie=\"navigation\" data-gtm-custom-action=\"crossclick\" data-gtm-custom-label=\"Contextuel\" data-gtm-event=\"customEventSPE\" data-fig-domain=\"LEFIGARO\" rel=\"nofollow noopener\" target=\"_blank\">\u00c9tats-Unis<\/a>\u00a0ont nomm\u00e9 le g\u00e9n\u00e9ral am\u00e9ricain Alexus G. Grynkewich nouveau commandant supr\u00eame des forces arm\u00e9es de\u00a0<a href=\"http:\/\/www.lefigaro.fr\/international\/l-ambassadeur-de-chine-a-prague-convoque-apres-une-attaque-informatique-20250528\" data-fig-type=\"NewsFlash\" data-gtm-custom-categorie=\"navigation\" data-gtm-custom-action=\"crossclick\" data-gtm-custom-label=\"Contextuel\" data-gtm-event=\"customEventSPE\" data-fig-domain=\"LEFIGARO\" rel=\"nofollow noopener\" target=\"_blank\">l&rsquo;Otan\u00a0<\/a>en Europe (Aceur), a annonc\u00e9 jeudi l&rsquo;Alliance atlantique.<\/p>\n<p class=\"fig-paragraph\">Cet ancien pilote, \u00e2g\u00e9 de 53 ans, prendra \u00e9galement le commandement des forces am\u00e9ricaines en Europe, a indiqu\u00e9 de son c\u00f4t\u00e9 le minist\u00e8re am\u00e9ricain de la D\u00e9fense.<\/p>\n<p class=\"fig-paragraph\">Plus d\u2019informations \u00e0 venir&#8230;<\/p>\n","protected":false},"excerpt":{"rendered":"Les \u00c9tats-Unis ont nomm\u00e9 Alexus G. Grynkewich, qui est un ancien pilote, et est \u00e2g\u00e9 de 53 ans.&hellip;\n","protected":false},"author":2,"featured_media":155655,"comment_status":"","ping_status":"","sticky":false,"template":"","format":"standard","meta":{"footnotes":""},"categories":[5],"tags":[259,11,260,73,674,1011,27,14,261,12,136,262,28],"class_list":{"0":"post-155654","1":"post","2":"type-post","3":"status-publish","4":"format-standard","5":"has-post-thumbnail","7":"category-international","8":"tag-actualite-internationale","9":"tag-actualites","10":"tag-affaires-etrangeres","11":"tag-etats-unis","12":"tag-europe","13":"tag-fr","14":"tag-france","15":"tag-international","16":"tag-ministere-des-affaires-etrangeres","17":"tag-news","18":"tag-otan","19":"tag-politique-etrangere","20":"tag-world"},"share_on_mastodon":{"url":"https:\/\/pubeurope.com\/@fr\/114634602858704292","error":""},"_links":{"self":[{"href":"https:\/\/www.europesays.com\/fr\/wp-json\/wp\/v2\/posts\/155654","targetHints":{"allow":["GET"]}}],"collection":[{"href":"https:\/\/www.europesays.com\/fr\/wp-json\/wp\/v2\/posts"}],"about":[{"href":"https:\/\/www.europesays.com\/fr\/wp-json\/wp\/v2\/types\/post"}],"author":[{"embeddable":true,"href":"https:\/\/www.europesays.com\/fr\/wp-json\/wp\/v2\/users\/2"}],"replies":[{"embeddable":true,"href":"https:\/\/www.europesays.com\/fr\/wp-json\/wp\/v2\/comments?post=155654"}],"version-history":[{"count":0,"href":"https:\/\/www.europesays.com\/fr\/wp-json\/wp\/v2\/posts\/155654\/revisions"}],"wp:featuredmedia":[{"embeddable":true,"href":"https:\/\/www.europesays.com\/fr\/wp-json\/wp\/v2\/media\/155655"}],"wp:attachment":[{"href":"https:\/\/www.europesays.com\/fr\/wp-json\/wp\/v2\/media?parent=155654"}],"wp:term":[{"taxonomy":"category","embeddable":true,"href":"https:\/\/www.europesays.com\/fr\/wp-json\/wp\/v2\/categories?post=155654"},{"taxonomy":"post_tag","embeddable":true,"href":"https:\/\/www.europesays.com\/fr\/wp-json\/wp\/v2\/tags?post=155654"}],"curies":[{"name":"wp","href":"https:\/\/api.w.org\/{rel}","templated":true}]}}