{"id":155675,"date":"2025-06-06T04:57:08","date_gmt":"2025-06-06T04:57:08","guid":{"rendered":"https:\/\/www.europesays.com\/fr\/155675\/"},"modified":"2025-06-06T04:57:08","modified_gmt":"2025-06-06T04:57:08","slug":"congres-du-ps-le-maire-de-rouen-nicolas-mayer-rossignol-echoue-face-a-olivier-faure","status":"publish","type":"post","link":"https:\/\/www.europesays.com\/fr\/155675\/","title":{"rendered":"Congr\u00e8s du PS. Le maire de Rouen Nicolas Mayer-Rossignol \u00e9choue face \u00e0 Olivier Faure"},"content":{"rendered":"<p>            Par<br \/>\n        <strong><br \/>\n            <a href=\"https:\/\/actu.fr\/auteur\/adrien-filoche\" title=\"Consulter tous les articles de Adrien Filoche\" target=\"_blank\" rel=\"noopener\">Adrien Filoche<\/a><br \/>\n        <\/strong><\/p>\n<p>        Publi\u00e9 le<\/p>\n<p>            6 juin 2025 \u00e0 6h18        <\/p>\n<p><strong>Un nouvel \u00e9chec.<\/strong> Apr\u00e8s un scrutin serr\u00e9 ce 5 juin 2025, le maire de Rouen <a href=\"https:\/\/actu.fr\/tag\/nicolas-mayer-rossignol\" target=\"_blank\" rel=\"noopener\">Nicolas Mayer-Rossignol<\/a> a finalement \u00e9t\u00e9 battu par son opposant Olivier Faure, dans la course \u00e0 la t\u00eate du Parti Socialiste. Le r\u00e9sultat annonc\u00e9 au petite matin par le PS : 50,9 % des suffrages exprim\u00e9s pour Olivier Faure contre 49,1 % pour Nicolas Mayer-Rossignol.<\/p>\n<p class=\" wall-content\">Sur X, le maire de Rouen a f\u00e9licit\u00e9 le premier secr\u00e9taire reconduit :\u00a0<\/p>\n<p class=\" wall-content\">\n<p class=\" wall-content\">Olivier Faure a \u00e9galement r\u00e9agi sur X :\u00a0<\/p>\n<p class=\" wall-content\">\n<p class=\" wall-content\">Boris Vallaud, qui avait termin\u00e9 \u00e0 la troisi\u00e8me position, avait donn\u00e9 quelques jours plus t\u00f4t <a href=\"https:\/\/actu.fr\/politique\/congres-du-ps-le-depute-des-landes-boris-vallaud-donne-son-vote-au-plus-faure_62714672.html\" target=\"_blank\" rel=\"noopener\">son vote \u00e0 Olivier Faure<\/a>, sans toutefois donner de consignes \u00e0 ses partisans. Sa prise de position a pu d\u00e9terminer l\u2019issue du vote.\u00a0<\/p>\n<p>D\u00e9j\u00e0 battu en 2023<\/p>\n<p class=\" wall-content\">Pour rappel, l\u2019actuel pr\u00e9sident de la M\u00e9tropole Rouen Normandie avait <a href=\"https:\/\/actu.fr\/normandie\/rouen_76540\/congres-du-ps-nicolas-mayer-rossignol-et-olivier-faure-revendiquent-tous-deux-la-victoire_56678998.html\" target=\"_blank\" rel=\"noopener\">d\u00e9j\u00e0 \u00e9t\u00e9 battu d\u2019un cheveu par Olivier Faure<\/a> lors du pr\u00e9c\u00e9dent Congr\u00e8s en 2023, en r\u00e9coltant 49,17 % des suffrages exprime\u0301s contre 50,83 % pour son adversaire.\u00a0<\/p>\n<p class=\" wall-content\">Cette ann\u00e9e, le maire de Rouen semblait en meilleure position, apr\u00e8s avoir f\u00e9d\u00e9r\u00e9 plus largement autour de son nom des\u00a0figures socialistes \u00e0 l\u2019instar de Carole Delga, H\u00e9l\u00e8ne Geoffroy, Philippe Brun ou encore Lionel Jospin.<\/p>\n<p>Vid\u00e9os : en ce moment sur ActuSuivez l\u2019actualit\u00e9 de Rouen sur <a href=\"https:\/\/www.whatsapp.com\/channel\/0029VaKfnf99hXF2ddApFB1D\" target=\"_blank\" rel=\"noopener\">notre cha\u00eene WhatsApp<\/a> et sur <a href=\"https:\/\/www.tiktok.com\/@76actu.fr?lang=fr\" target=\"_blank\" rel=\"noopener\">notre compte TikTok<\/a><\/p>\n<p class=\" wall-content\">Suivez toute l\u2019actualit\u00e9 de vos villes et m\u00e9dias favoris en vous inscrivant \u00e0 <a href=\"https:\/\/moncompte.actu.fr\" title=\"D\u00e9couvez Mon Actu\" rel=\"nofollow noopener\" data-trk=\"{&quot;cta&quot;:{&quot;action&quot;:&quot;https:\\\/\\\/moncompte.actu.fr&quot;,&quot;category&quot;:&quot;mon compte&quot;,&quot;from&quot;:&quot;article footer&quot;,&quot;name&quot;:&quot;Mon actu&quot;,&quot;type&quot;:&quot;cta&quot;}}\" target=\"_blank\">Mon Actu<\/a>.<\/p>\n<ul class=\"ac-article-tag wall-content\">\n<li><a href=\"https:\/\/actu.fr\/tag\/nicolas-mayer-rossignol\" data-trk=\"{&quot;cta&quot;:{&quot;action&quot;:&quot;Nicolas Mayer-Rossignol&quot;,&quot;category&quot;:&quot;tag&quot;,&quot;from&quot;:&quot;article footer&quot;,&quot;name&quot;:&quot;Nicolas Mayer-Rossignol&quot;,&quot;type&quot;:&quot;cta&quot;}}\" target=\"_blank\" rel=\"noopener\">#Nicolas Mayer-Rossignol<\/a><\/li>\n<li><a href=\"https:\/\/actu.fr\/tag\/parti-socialiste-ps\" data-trk=\"{&quot;cta&quot;:{&quot;action&quot;:&quot;Parti Socialiste (PS)&quot;,&quot;category&quot;:&quot;tag&quot;,&quot;from&quot;:&quot;article footer&quot;,&quot;name&quot;:&quot;Parti Socialiste (PS)&quot;,&quot;type&quot;:&quot;cta&quot;}}\" target=\"_blank\" rel=\"noopener\">#Parti Socialiste (PS)<\/a><\/li>\n<\/ul>\n<p>                    <script async src=\"\/\/www.tiktok.com\/embed.js\"><\/script><\/p>\n","protected":false},"excerpt":{"rendered":"Par Adrien Filoche Publi\u00e9 le 6 juin 2025 \u00e0 6h18 Un nouvel \u00e9chec. Apr\u00e8s un scrutin serr\u00e9 ce&hellip;\n","protected":false},"author":2,"featured_media":155676,"comment_status":"","ping_status":"","sticky":false,"template":"","format":"standard","meta":{"footnotes":""},"categories":[9587],"tags":[1111,11,1777,674,1011,27,12,13268,5161,4484,316,25,9590],"class_list":{"0":"post-155675","1":"post","2":"type-post","3":"status-publish","4":"format-standard","5":"has-post-thumbnail","7":"category-rouen","8":"tag-actu","9":"tag-actualites","10":"tag-eu","11":"tag-europe","12":"tag-fr","13":"tag-france","14":"tag-news","15":"tag-nicolas-mayer-rossignol","16":"tag-normandie","17":"tag-parti-socialiste-ps","18":"tag-politique","19":"tag-republique-francaise","20":"tag-rouen"},"share_on_mastodon":{"url":"https:\/\/pubeurope.com\/@fr\/114634650052620453","error":""},"_links":{"self":[{"href":"https:\/\/www.europesays.com\/fr\/wp-json\/wp\/v2\/posts\/155675","targetHints":{"allow":["GET"]}}],"collection":[{"href":"https:\/\/www.europesays.com\/fr\/wp-json\/wp\/v2\/posts"}],"about":[{"href":"https:\/\/www.europesays.com\/fr\/wp-json\/wp\/v2\/types\/post"}],"author":[{"embeddable":true,"href":"https:\/\/www.europesays.com\/fr\/wp-json\/wp\/v2\/users\/2"}],"replies":[{"embeddable":true,"href":"https:\/\/www.europesays.com\/fr\/wp-json\/wp\/v2\/comments?post=155675"}],"version-history":[{"count":0,"href":"https:\/\/www.europesays.com\/fr\/wp-json\/wp\/v2\/posts\/155675\/revisions"}],"wp:featuredmedia":[{"embeddable":true,"href":"https:\/\/www.europesays.com\/fr\/wp-json\/wp\/v2\/media\/155676"}],"wp:attachment":[{"href":"https:\/\/www.europesays.com\/fr\/wp-json\/wp\/v2\/media?parent=155675"}],"wp:term":[{"taxonomy":"category","embeddable":true,"href":"https:\/\/www.europesays.com\/fr\/wp-json\/wp\/v2\/categories?post=155675"},{"taxonomy":"post_tag","embeddable":true,"href":"https:\/\/www.europesays.com\/fr\/wp-json\/wp\/v2\/tags?post=155675"}],"curies":[{"name":"wp","href":"https:\/\/api.w.org\/{rel}","templated":true}]}}