{"id":155681,"date":"2025-06-06T05:00:09","date_gmt":"2025-06-06T05:00:09","guid":{"rendered":"https:\/\/www.europesays.com\/fr\/155681\/"},"modified":"2025-06-06T05:00:09","modified_gmt":"2025-06-06T05:00:09","slug":"que-faire-a-rennes-ce-week-end-du-07-juin-au-08-juin-2025","status":"publish","type":"post","link":"https:\/\/www.europesays.com\/fr\/155681\/","title":{"rendered":"Que faire \u00e0 Rennes ce week-end du 07 juin au 08 juin 2025 ?"},"content":{"rendered":"<p>\n        Ce spectacle raconte l\u2019histoire d\u2019Alexandre Kendoux, ancien Barman dans un Palace, devenu humoriste ; mais aussi l\u2019histoire de tout le monde, \u00e0 travers tous les sujets de la vie quotidienne, les diff\u00e9rences sociales et culturelles. Autant de sujets sont abord\u00e9s avec lui, avec beaucoup d\u2019humour et d\u2019autod\u00e9rision. Que ce soit derri\u00e8re un comptoir ou sur sc\u00e8ne, Alexandre aime refaire le monde. Il sera missionn\u00e9 de vous divertir durant une heure, et tous les moyens seront bons pour lui.\n        <\/p>\n<p><a href=\"https:\/\/www.letelegramme.fr\/api\/gotourl\/bevt\/2760713\/\" target=\"_blank\" rel=\"noopener\"><br \/>\n        Exposition\u00a0: \u00ab\u00a0S\u00e9isme\u00a0\u00bb<br \/>\n        <\/a><\/p>\n<p>\n        Brankica \u017dilovi\u0107, artiste serbe form\u00e9e aux Beaux-Arts de Paris, explore m\u00e9moire, territoire et transmission via le textile, la broderie et des mat\u00e9riaux hybrides. Son \u0153uvre interroge fronti\u00e8res, vestiges et identit\u00e9s, m\u00ealant traditions artisanales, conflits des Balkans et pens\u00e9e de la cr\u00e9olisation. Elle transforme archives et ruines en cartographies sensibles, entre r\u00e9paration et r\u00e9silience, vers une approche plus durable et vivante de l\u2019art.\n        <\/p>\n<p><a href=\"https:\/\/www.letelegramme.fr\/api\/gotourl\/bevt\/2768173\/\" target=\"_blank\" rel=\"noopener\"><br \/>\n        Exposition \u00ab\u00a0Organon\u00a0\u00bb de Sambuko<br \/>\n        <\/a><\/p>\n<p>\n        Une s\u00e9rie de peintures et dessins cyberpunk qui explore la fusion entre corps, musique et technologie. L\u2019artiste questionne l\u2019impact de l\u2019intelligence artificielle et des mutations technologiques sur la cr\u00e9ation musicale. Vernissage le 13 mai, \u00e0 18 h. Goodies sur place. Une exposition percutante pour les amateurs d\u2019art, de musique et de visions cyberpunk, cybergoth, steampunk.\n        <\/p>\n<p><a href=\"https:\/\/www.letelegramme.fr\/api\/gotourl\/bevt\/2828549\/\" target=\"_blank\" rel=\"noopener\"><br \/>\n        Kultur\u2019Up Villejean\u00a0: apr\u00e8s-midi festive<br \/>\n        <\/a><\/p>\n<p>\n        Ouvert \u00e0 tous. Au programme : sc\u00e8ne ouverte avec les jeunes talents du quartier (rap, danse, slam\u2026) ; stands associatifs et solidaires ; animations ludiques pour petits et grands, ateliers cr\u00e9atifs et coin d\u00e9tente.\n        <\/p>\n<p>L&rsquo;agenda des loisirs<\/p>\n<p class=\"moveInBrittany__text\" style=\"color:#fff\">\n            Festivals, expositions, visites, conf\u00e9rences, &#8230;\n          <\/p>\n<p>Sortir \u00e0 Rennes le dimanche 08 juin<\/p>\n","protected":false},"excerpt":{"rendered":"Ce spectacle raconte l\u2019histoire d\u2019Alexandre Kendoux, ancien Barman dans un Palace, devenu humoriste ; mais aussi l\u2019histoire de&hellip;\n","protected":false},"author":2,"featured_media":6963,"comment_status":"","ping_status":"","sticky":false,"template":"","format":"standard","meta":{"footnotes":""},"categories":[2821],"tags":[1111,11,829,1777,674,1011,27,12,3907,584,25],"class_list":{"0":"post-155681","1":"post","2":"type-post","3":"status-publish","4":"format-standard","5":"has-post-thumbnail","7":"category-rennes","8":"tag-actu","9":"tag-actualites","10":"tag-bretagne","11":"tag-eu","12":"tag-europe","13":"tag-fr","14":"tag-france","15":"tag-news","16":"tag-que-faire","17":"tag-rennes","18":"tag-republique-francaise"},"share_on_mastodon":{"url":"https:\/\/pubeurope.com\/@fr\/114634662143801582","error":""},"_links":{"self":[{"href":"https:\/\/www.europesays.com\/fr\/wp-json\/wp\/v2\/posts\/155681","targetHints":{"allow":["GET"]}}],"collection":[{"href":"https:\/\/www.europesays.com\/fr\/wp-json\/wp\/v2\/posts"}],"about":[{"href":"https:\/\/www.europesays.com\/fr\/wp-json\/wp\/v2\/types\/post"}],"author":[{"embeddable":true,"href":"https:\/\/www.europesays.com\/fr\/wp-json\/wp\/v2\/users\/2"}],"replies":[{"embeddable":true,"href":"https:\/\/www.europesays.com\/fr\/wp-json\/wp\/v2\/comments?post=155681"}],"version-history":[{"count":0,"href":"https:\/\/www.europesays.com\/fr\/wp-json\/wp\/v2\/posts\/155681\/revisions"}],"wp:featuredmedia":[{"embeddable":true,"href":"https:\/\/www.europesays.com\/fr\/wp-json\/wp\/v2\/media\/6963"}],"wp:attachment":[{"href":"https:\/\/www.europesays.com\/fr\/wp-json\/wp\/v2\/media?parent=155681"}],"wp:term":[{"taxonomy":"category","embeddable":true,"href":"https:\/\/www.europesays.com\/fr\/wp-json\/wp\/v2\/categories?post=155681"},{"taxonomy":"post_tag","embeddable":true,"href":"https:\/\/www.europesays.com\/fr\/wp-json\/wp\/v2\/tags?post=155681"}],"curies":[{"name":"wp","href":"https:\/\/api.w.org\/{rel}","templated":true}]}}