{"id":155684,"date":"2025-06-06T05:02:13","date_gmt":"2025-06-06T05:02:13","guid":{"rendered":"https:\/\/www.europesays.com\/fr\/155684\/"},"modified":"2025-06-06T05:02:13","modified_gmt":"2025-06-06T05:02:13","slug":"strasbourg-aux-archives-dalsace-une-exposition-claire-complete-et-sensible-sur-la-guerre-des-paysans-survenue-il-y-a-500-ans","status":"publish","type":"post","link":"https:\/\/www.europesays.com\/fr\/155684\/","title":{"rendered":"Strasbourg. Aux Archives d\u2019Alsace, une exposition claire, compl\u00e8te et sensible sur la guerre des Paysans survenue il y a 500 ans"},"content":{"rendered":"<p>Dans une abbaye, devant une statue bris\u00e9e, un insurg\u00e9 de 1525 d\u00e9chire avec rage un acte officiel. Ce dessin a \u00e9t\u00e9 r\u00e9alis\u00e9 \u00e0 la fin du XIXe \u00a0si\u00e8cle par l\u2019artiste Joseph Sattler et son choix par les Archives d\u2019Alsace ne manque pas d\u2019ironie\u00a0: il illustre l\u2019affiche de l\u2019exposition mont\u00e9e par cet \u00e9tablissement sur <a href=\"https:\/\/www.dna.fr\/societe\/2025\/05\/24\/tout-savoir-sur-la-guerre-des-paysans-qui-embrasait-l-alsace-voila-500-ans\" target=\"_blank\" rel=\"noopener\">la guerre des Paysans<\/a>. Alors, les \u201chommes du commun\u201d ont pill\u00e9 de nombreuses abbayes, en s\u2019en prenant au mobilier, aux statues, aux reliques\u2026 et aux papiers officiels. D\u00e9truire un acte, c\u2019\u00e9tait s\u2019affranchir d\u2019une charge.<\/p>\n<p>\u00ab\u00a0Une exposition g\u00e9n\u00e9raliste\u00a0\u00bb<\/p>\n<p>Toutes les archives n\u2019ont heureusement pas disparu dans la tourmente du printemps 1525. Un demi-mill\u00e9naire plus tard, elles sont au c\u0153ur de cette grande exposition lanc\u00e9e \u00e0 la mi-mai et qui restera en place jusqu\u2019au 15\u00a0d\u00e9cembre. Ses concepteurs ont r\u00e9ussi un petit tour de force\u00a0: mettre \u00e0 l\u2019honneur des documents illisibles pour le grand public sans devenir abscons et&#8230;<\/p>\n","protected":false},"excerpt":{"rendered":"Dans une abbaye, devant une statue bris\u00e9e, un insurg\u00e9 de 1525 d\u00e9chire avec rage un acte officiel. Ce&hellip;\n","protected":false},"author":2,"featured_media":155685,"comment_status":"","ping_status":"","sticky":false,"template":"","format":"standard","meta":{"footnotes":""},"categories":[2820],"tags":[1111,11,2389,1687,1777,674,2271,107,1011,27,5325,2798,775,937,12,25,4604,104,640],"class_list":{"0":"post-155684","1":"post","2":"type-post","3":"status-publish","4":"format-standard","5":"has-post-thumbnail","7":"category-strasbourg","8":"tag-actu","9":"tag-actualites","10":"tag-alsace","11":"tag-culture-loisirs","12":"tag-eu","13":"tag-europe","14":"tag-exposition-arts-plastiques","15":"tag-fil-info","16":"tag-fr","17":"tag-france","18":"tag-galerie-media","19":"tag-galerie-photo","20":"tag-grand-est","21":"tag-histoire","22":"tag-news","23":"tag-republique-francaise","24":"tag-selection-abonne","25":"tag-societe","26":"tag-strasbourg"},"share_on_mastodon":{"url":"https:\/\/pubeurope.com\/@fr\/114634669739816260","error":""},"_links":{"self":[{"href":"https:\/\/www.europesays.com\/fr\/wp-json\/wp\/v2\/posts\/155684","targetHints":{"allow":["GET"]}}],"collection":[{"href":"https:\/\/www.europesays.com\/fr\/wp-json\/wp\/v2\/posts"}],"about":[{"href":"https:\/\/www.europesays.com\/fr\/wp-json\/wp\/v2\/types\/post"}],"author":[{"embeddable":true,"href":"https:\/\/www.europesays.com\/fr\/wp-json\/wp\/v2\/users\/2"}],"replies":[{"embeddable":true,"href":"https:\/\/www.europesays.com\/fr\/wp-json\/wp\/v2\/comments?post=155684"}],"version-history":[{"count":0,"href":"https:\/\/www.europesays.com\/fr\/wp-json\/wp\/v2\/posts\/155684\/revisions"}],"wp:featuredmedia":[{"embeddable":true,"href":"https:\/\/www.europesays.com\/fr\/wp-json\/wp\/v2\/media\/155685"}],"wp:attachment":[{"href":"https:\/\/www.europesays.com\/fr\/wp-json\/wp\/v2\/media?parent=155684"}],"wp:term":[{"taxonomy":"category","embeddable":true,"href":"https:\/\/www.europesays.com\/fr\/wp-json\/wp\/v2\/categories?post=155684"},{"taxonomy":"post_tag","embeddable":true,"href":"https:\/\/www.europesays.com\/fr\/wp-json\/wp\/v2\/tags?post=155684"}],"curies":[{"name":"wp","href":"https:\/\/api.w.org\/{rel}","templated":true}]}}