{"id":155688,"date":"2025-06-06T05:04:10","date_gmt":"2025-06-06T05:04:10","guid":{"rendered":"https:\/\/www.europesays.com\/fr\/155688\/"},"modified":"2025-06-06T05:04:10","modified_gmt":"2025-06-06T05:04:10","slug":"une-suite-de-166m%c2%b2-pour-lula-passages-derobes-et-brouilleurs-dondes-sessions-shoping-et-tourisme-toutes-nos-indiscretions-sur-le-sejour-des-chefs-detat-a-nice-pour-lunoc","status":"publish","type":"post","link":"https:\/\/www.europesays.com\/fr\/155688\/","title":{"rendered":"Une suite de 166m\u00b2 pour Lula, passages d\u00e9rob\u00e9s et brouilleurs d&rsquo;ondes, sessions shoping et tourisme&#8230; toutes nos indiscr\u00e9tions sur le s\u00e9jour des chefs d&rsquo;Etat \u00e0 Nice pour l&rsquo;Unoc"},"content":{"rendered":"<p>Viendra, Viendra pas? Combien de pays r\u00e9pondront pr\u00e9sents \u00e0 l\u2019appel de Nice? Le minist\u00e8re des Affaires \u00c9trang\u00e8res semble d\u00e9cid\u00e9 \u00e0 faire durer le suspense jusqu\u2019au bout. Comptant sans doute sur quelques ralliements de derni\u00e8re minute.<\/p>\n<p><strong>Sur les 193 pays membres de l\u2019organisation des nations unies, un peu moins de la moiti\u00e9<\/strong> ont pour l\u2019heure book\u00e9 leur(s) chambre(s)&#8230; Plus de 70 en r\u00e9alit\u00e9 pour la plus grosse d\u00e9l\u00e9gation de cette troisi\u00e8me conf\u00e9rence onusienne sur l\u2019Oc\u00e9an!<\/p>\n<p><strong>Les Vietnamiens d\u00e9barqueront en force le 7 juin prochain.<\/strong> Chef de l\u2019\u00c9tat en t\u00eate de convoi. Direction le Negresco&#8230; Et sa toute nouvelle m\u00e9ga-suite Jeanne et Paul Augier: 400 m2 \u00e0 25.000 euros la nuit tout de m\u00eame. Apr\u00e8s tout le Burundi, l\u2019un des pays les plus pauvres de la plan\u00e8te, s\u2019est bien offert la Tr\u00e8s Grande Suite du Couvent dans le Vieux Nice.<\/p>\n<p>Une suite de 166m2 pour Lula<\/p>\n<p>Lula, le pr\u00e9sident br\u00e9silien, se contera quant \u00e0 lui des 166 m2 de la suite Baie des Anges. Luiz In\u00e1cio Lula da Silva fait partie des poids lourds de ce sommet. Tout comme son homologue argentin, Javier Milei, qui a annonc\u00e9 sa pr\u00e9sence en d\u00e9but de semaine. Reste \u00e0 savoir si la visite surprise de cet ultralib\u00e9ral a pour but d\u2019apposer la signature de l\u2019Argentine en bas des accords de Nice ou de les tailler \u00e0 \u00ab\u00a0la tron\u00e7onneuse\u00a0\u00bb (embl\u00e8me de sa campagne), comme Milei l\u2019a fait avec les d\u00e9penses publiques de son pays. Les voies de la diplomatie sont parfois imp\u00e9n\u00e9trables.<\/p>\n<p>\u00ab\u00a0Partie de Tetris\u00a0\u00bb diplomatique <\/p>\n<p>Pour un des GO (\u00ab gentil organisateur \u00bb) de ce rendez-vous au sommet, elles rel\u00e8vent m\u00eame de la \u00ab\u00a0partie de Tetris\u00a0\u00bb: \u00ab\u00a0Le pr\u00e9sident de tel pays ne descendra jamais dans une cha\u00eene d\u2019h\u00f4tel battant pavillon de telle nationalit\u00e9 ou refusera de dormir sous le m\u00eame toit que la d\u00e9l\u00e9gation de tel autre pays\u00a0\u00bb, souffle-t-il.<\/p>\n<p>Il aura fallu composer avec les incompatibilit\u00e9s g\u00e9opolitiques des uns et des autres. Mais finalement tout le monde aura trouv\u00e9 o\u00f9 poser ses valises.<\/p>\n<p>Du moins, tous ceux qui auront fait le d\u00e9placement. Les grands absents de ce sommet devraient (sauf nouvelle surprise) \u00eatre les Nord-Am\u00e9ricains. Si les \u00c9tats-Unis et le Canada ont bien d\u00e9p\u00each\u00e9 quelques \u00e9missaires, leur nombre se compte sur les doigts d\u2019une main. Loin, bien loin derri\u00e8re le Vietnam, le Br\u00e9sil et m\u00eame la Chine qui, pour son vice-pr\u00e9sident et son staff, a quand m\u00eame r\u00e9serv\u00e9 une cinquantaine de chambres et suites&#8230; Ainsi que la cuisine du restaurant asiatique le plus proche, au cas o\u00f9 celle de la Maison Albar serait trop continentale \u00e0 son go\u00fbt.<\/p>\n<p>\u00ab\u00a0Chinoiserie\u00a0\u00bb et autres caprices s\u00e9curitaires<\/p>\n<p>Nouvelle \u00ab\u00a0chinoiserie\u00a0\u00bb? On se souvient de la rumeur entourant la visite de Xi Jinping en 2019&#8230; Qui aurait exig\u00e9 que son lit l\u2019accompagne. De telles \u00ab\u00a0demandes relatives \u00e0 la literie\u00a0\u00bb ne seraient, en r\u00e9alit\u00e9, \u00ab\u00a0pas si rares d\u00e8s lors qu\u2019on a affaire \u00e0 des chefs d\u2019\u00c9tat\u00a0\u00bb, \u00e0 entendre un h\u00f4telier ni\u00e7ois qui pr\u00e9f\u00e8re taire son nom.<\/p>\n<p>Selon lui, elles rel\u00e8veraient moins du caprice que de l\u2019obsession s\u00e9curitaire. \u00ab\u00a0On nous demande parfois des matelas neufs pour \u00e9viter toute possibilit\u00e9 de contamination&#8230;\u00a0\u00bb Pour ne pas dire d\u2019empoisonnement.<\/p>\n<p>Les autres desiderata formul\u00e9s \u00e0 l\u2019occasion de cet UNOC3 seraient du m\u00eame ordre: \u00ab\u00a0passages d\u00e9rob\u00e9s, brouilleurs d\u2019ondes et, \u00e9videmment, inspection minutieuse des lieux.\u00a0\u00bb Rien de fou, finalement, pour qui se souvient que Dmitri Medvedev, l\u2019alter ego de Poutine, avait d\u00e9barqu\u00e9 \u00e0 Nice en 2008 avec&#8230; ses go\u00fbteurs officiels!<\/p>\n<p>Trois toques \u00e9toil\u00e9es valent mieux qu\u2019une <\/p>\n<p>Esp\u00e9rons qu\u2019aucun des grands de ce monde, convi\u00e9s dimanche soir \u00e0 la table du Negresco \u00e0 <a href=\"https:\/\/www.nicematin.com\/faits-de-societe\/au-moins-70-chefs-d-etats-dont-emmanuel-macron-vont-diner-au-negresco-pendant-le-sommet-des-oceans-unoc-a-nice-988707\" target=\"_blank\" rel=\"noopener\">un tr\u00e8s officiel d\u00eener des chefs d\u2019\u00c9tat<\/a>, ne fera cet affront \u00e0 Emmanuel Macron. Il se murmure que le pr\u00e9sident s\u2019est tr\u00e8s personnellement impliqu\u00e9 dans le choix du menu, d\u00e9p\u00eachant \u00e0 plusieurs reprises le chef de l\u2019\u00c9lys\u00e9e \u00e0 Nice et validant en personne les suggestions qui lui \u00e9taient propos\u00e9es.<strong> Fabrice Desvignes<\/strong>, la toque pr\u00e9sidentielle, signera d\u2019ailleurs le dessert de ce d\u00eener \u00e0 six mains. Le n\u00e9o-Mon\u00e9gasque <strong>Alain Ducasse<\/strong> se chargeant de l\u2019entr\u00e9e et la cheffe \u00e9toil\u00e9e du Chantecler, <strong>Virginie Basselot<\/strong>, du plat de r\u00e9sistance.<\/p>\n<p>\u00c9videmment, dans les assiettes, on retrouvera ce que la mer a de meilleur \u00e0 nous offrir&#8230; Du moins, si on la pr\u00e9serve! Esp\u00e9rons que cette carte \u00e0 elle seule suffira \u00e0 convaincre les grands absents de ce sommet de venir y participer. \u00c0 l\u2019exception du chef du gouvernement espagnol, Pedro Sanchez, qui viendra avec pl\u00e9thore de ses ministres, m\u00eame certains de nos voisins imm\u00e9diats semblent avoir fait d\u00e9fection. Il n\u2019y aurait pas \u00e0 cette heure de r\u00e9servation dans les h\u00f4tels ni\u00e7ois au nom de Giorgia Meloni, la pr\u00e9sidente du Conseil italien, ou de Friedrich Merz, le nouveau Chancelier allemand.<\/p>\n<p>Mais les chefs d\u2019\u00c9tats sont souvent adeptes du \u00ab\u00a0last minute\u00a0\u00bb. En tout cas, pour ceux qui veulent d\u00e9fendre l\u2019Oc\u00e9an, il y aura toujours une place \u00e0 la table d\u2019honneur du pr\u00e9sident fran\u00e7ais&#8230; qui compte d\u00e9j\u00e0 80 couverts!<\/p>\n<p>Fondation Maeght, Villa \u00c9phrussi de Rothschild, cadeaux Longchamp <\/p>\n<p>Balade et ambiance avec vue sur mer. C\u2019est ce qui attend les participants \u00e0 l\u2019Unoc, Et pas seulement ceux venus discuter du sort liquide de la plan\u00e8te bleue, au port de Nice. Ainsi, d\u00e8s lundi, les conjointes et les conjoints des chefs d\u2019\u00c9tat et de gouvernement prendront de la hauteur pour appr\u00e9cier les charmes d\u2019un des plus jolis villages azur\u00e9ens: Saint-Paul-de-Vence.<\/p>\n<p>Conduite par la premi\u00e8re dame de France, Brigitte Macron, la d\u00e9l\u00e9gation arrivera dans la matin\u00e9e, en navettes hautement s\u00e9curis\u00e9es. Au programme de cette journ\u00e9e d\u00e9tente, tout d\u2019abord une visite du village, lequel, \u00e0 l\u2019exception des v\u00e9hicules, restera, en principe accessible aux autres visiteurs pi\u00e9tons toujours nombreux derri\u00e8re les remparts saint-paulois. Ensuite, un d\u00e9jeuner est pr\u00e9vu \u00e0 la Colombe d\u2019Or, \u00e9tablissement mythique, o\u00f9 flotte \u00e0 jamais l\u2019\u00e2me du couple Simone Signoret-Yves Montand. Troisi\u00e8me temps fort de cette journ\u00e9e: <strong>la visite de l\u2019incontournable Fondation Maeght<\/strong> pour une d\u00e9couverte artistique du lieu et de son riche contenu. La d\u00e9l\u00e9gation ne repartira pas les mains vides, mais avec pour chaque participant, un cadeau offert par la maison de maroquinerie Longchamp. Souvenir de l\u2019\u00e9l\u00e9gance \u00e0 la fran\u00e7aise&#8230;<\/p>\n<p>Pour la journ\u00e9e de mardi, on avait parl\u00e9 dans un premier temps d\u2019une escapade \u00e0 la villa \u00c9phrussi de Rothschild, \u00e0 Saint-Jean-Cap-Ferrat. La demeure Belle Epoque et ses 9 jardins th\u00e9matiques seront bien sollicit\u00e9s, non pas pour une visite diurne des conjointes et conjoints des t\u00eates pensantes de l\u2019Unoc, mais pour une soir\u00e9e de prestige de remerciement \u00e0 toutes les personnes ayant particip\u00e9 \u00e0 l\u2019organisation et au financement du sommet de l\u2019Oc\u00e9an. Ainsi, 200 convives sont attendus pour partager un cocktail d\u00eenatoire dans cet univers somptueux que borde une mer saphir.<\/p>\n","protected":false},"excerpt":{"rendered":"Viendra, Viendra pas? Combien de pays r\u00e9pondront pr\u00e9sents \u00e0 l\u2019appel de Nice? Le minist\u00e8re des Affaires \u00c9trang\u00e8res semble&hellip;\n","protected":false},"author":2,"featured_media":155689,"comment_status":"","ping_status":"","sticky":false,"template":"","format":"standard","meta":{"footnotes":""},"categories":[2819],"tags":[1111,11,1777,674,332,1011,27,12,2401,882,25],"class_list":{"0":"post-155688","1":"post","2":"type-post","3":"status-publish","4":"format-standard","5":"has-post-thumbnail","7":"category-nice","8":"tag-actu","9":"tag-actualites","10":"tag-eu","11":"tag-europe","12":"tag-faits-de-societe","13":"tag-fr","14":"tag-france","15":"tag-news","16":"tag-nice","17":"tag-provence-alpes-cote-dazur","18":"tag-republique-francaise"},"share_on_mastodon":{"url":"https:\/\/pubeurope.com\/@fr\/114634677518182434","error":""},"_links":{"self":[{"href":"https:\/\/www.europesays.com\/fr\/wp-json\/wp\/v2\/posts\/155688","targetHints":{"allow":["GET"]}}],"collection":[{"href":"https:\/\/www.europesays.com\/fr\/wp-json\/wp\/v2\/posts"}],"about":[{"href":"https:\/\/www.europesays.com\/fr\/wp-json\/wp\/v2\/types\/post"}],"author":[{"embeddable":true,"href":"https:\/\/www.europesays.com\/fr\/wp-json\/wp\/v2\/users\/2"}],"replies":[{"embeddable":true,"href":"https:\/\/www.europesays.com\/fr\/wp-json\/wp\/v2\/comments?post=155688"}],"version-history":[{"count":0,"href":"https:\/\/www.europesays.com\/fr\/wp-json\/wp\/v2\/posts\/155688\/revisions"}],"wp:featuredmedia":[{"embeddable":true,"href":"https:\/\/www.europesays.com\/fr\/wp-json\/wp\/v2\/media\/155689"}],"wp:attachment":[{"href":"https:\/\/www.europesays.com\/fr\/wp-json\/wp\/v2\/media?parent=155688"}],"wp:term":[{"taxonomy":"category","embeddable":true,"href":"https:\/\/www.europesays.com\/fr\/wp-json\/wp\/v2\/categories?post=155688"},{"taxonomy":"post_tag","embeddable":true,"href":"https:\/\/www.europesays.com\/fr\/wp-json\/wp\/v2\/tags?post=155688"}],"curies":[{"name":"wp","href":"https:\/\/api.w.org\/{rel}","templated":true}]}}