{"id":155690,"date":"2025-06-06T05:05:09","date_gmt":"2025-06-06T05:05:09","guid":{"rendered":"https:\/\/www.europesays.com\/fr\/155690\/"},"modified":"2025-06-06T05:05:09","modified_gmt":"2025-06-06T05:05:09","slug":"fermee-par-erreur-cette-plage-de-nice-va-rouvrir-ce-vendredi","status":"publish","type":"post","link":"https:\/\/www.europesays.com\/fr\/155690\/","title":{"rendered":"Ferm\u00e9e par erreur, cette plage de Nice va rouvrir ce vendredi"},"content":{"rendered":"<p>Il ne devait y avoir qu\u2019une seule plage de ferm\u00e9e pendant l\u2019Unoc: celle des bains militaires \u00e0 l\u2019entr\u00e9e du port.<\/p>\n<p>Pourtant ce jeudi 5 juin 2025, les habitu\u00e9s de la plage voisine, celle de la R\u00e9serve, se sont heurt\u00e9s \u00e0 un portail ferm\u00e9.<\/p>\n<p>Un \u00e9criteau annon\u00e7ait que \u00ab\u00a0pour des raisons de s\u00e9curit\u00e9 dans le cadre de l\u2019organisation de l\u2019Unoc 3\u00a0\u00bb, cette petite langue de galet serait \u00e9galement inaccessible du 5 au 13 juin.<\/p>\n<p>Une erreur d\u2019appr\u00e9ciation en r\u00e9alit\u00e9. \u00c0 laquelle il sera rem\u00e9di\u00e9 d\u00e8s ce vendredi 6 juin 2025.<\/p>\n<p>La plage de la R\u00e9serve va donc rouvrir au public.<\/p>\n","protected":false},"excerpt":{"rendered":"Il ne devait y avoir qu\u2019une seule plage de ferm\u00e9e pendant l\u2019Unoc: celle des bains militaires \u00e0 l\u2019entr\u00e9e&hellip;\n","protected":false},"author":2,"featured_media":155691,"comment_status":"","ping_status":"","sticky":false,"template":"","format":"standard","meta":{"footnotes":""},"categories":[2819],"tags":[1111,11,1777,674,1011,27,12,2401,882,25,3366],"class_list":{"0":"post-155690","1":"post","2":"type-post","3":"status-publish","4":"format-standard","5":"has-post-thumbnail","7":"category-nice","8":"tag-actu","9":"tag-actualites","10":"tag-eu","11":"tag-europe","12":"tag-fr","13":"tag-france","14":"tag-news","15":"tag-nice","16":"tag-provence-alpes-cote-dazur","17":"tag-republique-francaise","18":"tag-vie-locale"},"share_on_mastodon":{"url":"https:\/\/pubeurope.com\/@fr\/114634681478988961","error":""},"_links":{"self":[{"href":"https:\/\/www.europesays.com\/fr\/wp-json\/wp\/v2\/posts\/155690","targetHints":{"allow":["GET"]}}],"collection":[{"href":"https:\/\/www.europesays.com\/fr\/wp-json\/wp\/v2\/posts"}],"about":[{"href":"https:\/\/www.europesays.com\/fr\/wp-json\/wp\/v2\/types\/post"}],"author":[{"embeddable":true,"href":"https:\/\/www.europesays.com\/fr\/wp-json\/wp\/v2\/users\/2"}],"replies":[{"embeddable":true,"href":"https:\/\/www.europesays.com\/fr\/wp-json\/wp\/v2\/comments?post=155690"}],"version-history":[{"count":0,"href":"https:\/\/www.europesays.com\/fr\/wp-json\/wp\/v2\/posts\/155690\/revisions"}],"wp:featuredmedia":[{"embeddable":true,"href":"https:\/\/www.europesays.com\/fr\/wp-json\/wp\/v2\/media\/155691"}],"wp:attachment":[{"href":"https:\/\/www.europesays.com\/fr\/wp-json\/wp\/v2\/media?parent=155690"}],"wp:term":[{"taxonomy":"category","embeddable":true,"href":"https:\/\/www.europesays.com\/fr\/wp-json\/wp\/v2\/categories?post=155690"},{"taxonomy":"post_tag","embeddable":true,"href":"https:\/\/www.europesays.com\/fr\/wp-json\/wp\/v2\/tags?post=155690"}],"curies":[{"name":"wp","href":"https:\/\/api.w.org\/{rel}","templated":true}]}}