{"id":155711,"date":"2025-06-06T05:17:11","date_gmt":"2025-06-06T05:17:11","guid":{"rendered":"https:\/\/www.europesays.com\/fr\/155711\/"},"modified":"2025-06-06T05:17:11","modified_gmt":"2025-06-06T05:17:11","slug":"metropole-de-lyon-deja-en-prison-un-homme-juge-pour-une-nouvelle-serie-de-cambriolages","status":"publish","type":"post","link":"https:\/\/www.europesays.com\/fr\/155711\/","title":{"rendered":"M\u00e9tropole de Lyon. D\u00e9j\u00e0 en prison, un homme jug\u00e9 pour une nouvelle s\u00e9rie de cambriolages"},"content":{"rendered":"<p>D\u00e9j\u00e0 en prison \u00e0 Villefranche-sur-Sa\u00f4ne, il \u00e9tait s\u00fbrement loin de se douter que les enqu\u00eateurs continueraient de s\u2019int\u00e9resser \u00e0 lui. Apr\u00e8s avoir \u00e9t\u00e9 interpell\u00e9 en flagrant d\u00e9lit de vol par escalade \u00e0 Villeurbanne puis condamn\u00e9 en janvier \u00e0 10 mois d\u2019emprisonnement, un homme de 22 ans vient d\u2019\u00eatre plac\u00e9 en garde \u00e0 vue pour des faits similaires.<\/p>\n<p>C\u2019est \u00e0 la faveur de nouvelles investigations et d\u2019op\u00e9rations de signalisation r\u00e9alis\u00e9es par les enqu\u00eateurs que le suspect, de nationalit\u00e9 alg\u00e9rienne, a \u00e9t\u00e9 identifi\u00e9 comme l\u2019auteur de plusieurs autres vols par effraction.<\/p>\n<p>  Quatre nouveaux faits<\/p>\n<p>Ce mercredi 4\u00a0juin, il a donc \u00e9t\u00e9 extrait de sa cellule pour \u00eatre plac\u00e9 en garde \u00e0 vue o\u00f9 il a reconnu quatre nouveaux faits, ainsi que l\u2019utilisation frauduleuse de la carte bancaire de trois de ses victimes. Il a \u00e9t\u00e9 pr\u00e9sent\u00e9 ce jeudi 5\u00a0juin 2025 au parquet de Lyon en vue d\u2019une comparution imm\u00e9diate.<\/p>\n<p>Jug\u00e9 en comparution imm\u00e9diate le 31\u00a0janvier, il avait \u00e9t\u00e9 condamn\u00e9 \u00e0 10 mois de prison avec mandat de d\u00e9p\u00f4t et \u00e9crou\u00e9 \u00e0 Villefranche-sur-Sa\u00f4ne. Lors de sa garde \u00e0 vue il avait d\u00e9j\u00e0 reconnu plusieurs vols par effraction.<\/p>\n","protected":false},"excerpt":{"rendered":"D\u00e9j\u00e0 en prison \u00e0 Villefranche-sur-Sa\u00f4ne, il \u00e9tait s\u00fbrement loin de se douter que les enqu\u00eateurs continueraient de s\u2019int\u00e9resser&hellip;\n","protected":false},"author":2,"featured_media":155712,"comment_status":"","ping_status":"","sticky":false,"template":"","format":"standard","meta":{"footnotes":""},"categories":[1889],"tags":[1111,11,2430,271,272,2757,1777,674,274,107,1011,27,2428,12,25,2429,6345,6346],"class_list":{"0":"post-155711","1":"post","2":"type-post","3":"status-publish","4":"format-standard","5":"has-post-thumbnail","7":"category-lyon","8":"tag-actu","9":"tag-actualites","10":"tag-auvergne-rhone-alpes","11":"tag-crime","12":"tag-delit-et-contravention","13":"tag-edition-lyon-villeurbanne","14":"tag-eu","15":"tag-europe","16":"tag-faits-divers-justice","17":"tag-fil-info","18":"tag-fr","19":"tag-france","20":"tag-lyon","21":"tag-news","22":"tag-republique-francaise","23":"tag-rhone","24":"tag-villeurbanne","25":"tag-villeurbanne-bassin"},"share_on_mastodon":{"url":"https:\/\/pubeurope.com\/@fr\/114634728931997468","error":""},"_links":{"self":[{"href":"https:\/\/www.europesays.com\/fr\/wp-json\/wp\/v2\/posts\/155711","targetHints":{"allow":["GET"]}}],"collection":[{"href":"https:\/\/www.europesays.com\/fr\/wp-json\/wp\/v2\/posts"}],"about":[{"href":"https:\/\/www.europesays.com\/fr\/wp-json\/wp\/v2\/types\/post"}],"author":[{"embeddable":true,"href":"https:\/\/www.europesays.com\/fr\/wp-json\/wp\/v2\/users\/2"}],"replies":[{"embeddable":true,"href":"https:\/\/www.europesays.com\/fr\/wp-json\/wp\/v2\/comments?post=155711"}],"version-history":[{"count":0,"href":"https:\/\/www.europesays.com\/fr\/wp-json\/wp\/v2\/posts\/155711\/revisions"}],"wp:featuredmedia":[{"embeddable":true,"href":"https:\/\/www.europesays.com\/fr\/wp-json\/wp\/v2\/media\/155712"}],"wp:attachment":[{"href":"https:\/\/www.europesays.com\/fr\/wp-json\/wp\/v2\/media?parent=155711"}],"wp:term":[{"taxonomy":"category","embeddable":true,"href":"https:\/\/www.europesays.com\/fr\/wp-json\/wp\/v2\/categories?post=155711"},{"taxonomy":"post_tag","embeddable":true,"href":"https:\/\/www.europesays.com\/fr\/wp-json\/wp\/v2\/tags?post=155711"}],"curies":[{"name":"wp","href":"https:\/\/api.w.org\/{rel}","templated":true}]}}