{"id":155719,"date":"2025-06-06T05:22:19","date_gmt":"2025-06-06T05:22:19","guid":{"rendered":"https:\/\/www.europesays.com\/fr\/155719\/"},"modified":"2025-06-06T05:22:19","modified_gmt":"2025-06-06T05:22:19","slug":"evenement-aux-arenes-de-lutece-6-et-7-juin-2025-pour-la-5e-edition-des-journees-nationales-de-lagriculture","status":"publish","type":"post","link":"https:\/\/www.europesays.com\/fr\/155719\/","title":{"rendered":"Ev\u00e9nement aux ar\u00e8nes de Lut\u00e8ce 6 et 7 juin 2025 pour la 5e \u00e9dition des Journ\u00e9es Nationales de l&rsquo;Agriculture"},"content":{"rendered":"<p><img loading=\"lazy\" decoding=\"async\" class=\"aligncenter size-full wp-image-74410\" src=\"https:\/\/www.europesays.com\/fr\/wp-content\/uploads\/2025\/06\/Affiche_Journees-nationales-de-lagriculture_juin_2025.png\" alt=\"5e \u00e9dition des Journ\u00e9es Nationales de l'Agriculture \/\/ 6, 7, 8 et 9 juin 2025\" width=\"531\" height=\"797\"\/><\/p>\n<p><strong>Les <a href=\"https:\/\/services.hosting.augure.com\/Response\/cZpXX\/%7ba6a45ff9-1b5b-4cd9-9f2a-886ea1519087%7d\" target=\"_blank\" rel=\"noopener\">Journ\u00e9es Nationales de l\u2019Agriculture<\/a>\u00a0reviennent du 6 au 9 juin 2025 partout en France, pour c\u00e9l\u00e9brer les savoir-faire agricoles, sensibiliser \u00e0 l\u2019alimentation durable et retisser le lien entre producteurs et citoyens. Pour cette 5\u1d49 \u00e9dition autour de la th\u00e9matique \u201cMieux comprendre l\u2019agriculture pour mieux consommer\u201d, les organisateurs de la manifestation, <a href=\"https:\/\/services.hosting.augure.com\/Response\/cZpXY\/%7ba6a45ff9-1b5b-4cd9-9f2a-886ea1519087%7d\" target=\"_blank\" rel=\"noopener\">Make.org\u00a0<\/a>et <a href=\"https:\/\/services.hosting.augure.com\/Response\/cZpXZ\/%7ba6a45ff9-1b5b-4cd9-9f2a-886ea1519087%7d\" target=\"_blank\" rel=\"noopener\">#agridemain<\/a>, organisent un grand rendez-vous au c\u0153ur de la capitale : deux journ\u00e9es exceptionnelles aux ar\u00e8nes de Lut\u00e8ce (Paris 5\u1d49) les vendredi 6 et samedi 7 juin, en partenariat avec la mairie du 5\u1d49 arrondissement.\u00a0<\/strong><\/p>\n<p>Pour la deuxi\u00e8me ann\u00e9e cons\u00e9cutive, ce site embl\u00e9matique accueillera ce grand rendez-vous. L\u2019occasion r\u00eav\u00e9e de d\u00e9couvrir l\u2019agriculture en famille et en plein Paris ! <strong>La quinzaine d\u2019animations propos\u00e9es gratuitement mettra en lumi\u00e8re le lien entre l\u2019agriculture et notre alimentation<\/strong> gr\u00e2ce \u00e0 un parcours qui vous permettra de cheminer \u00e0 travers les diff\u00e9rentes \u00e9tapes menant du champ \u00e0 l\u2019assiette.<\/p>\n<p>Le lancement officiel se tiendra le vendredi 6 juin 2025 \u00e0 partir de 11h, en pr\u00e9sence de Gabrielle Halpern, philosophe et marraine des <a href=\"https:\/\/journeesagriculture.fr\/#\/search@47.2400532,2.4955702,6.16\" target=\"_blank\" rel=\"noopener\">JNAgri 2025<\/a>, de Florence Berthout, maire du 5\u1d49, ainsi que des repr\u00e9sentants des partenaires et soutiens.<\/p>\n<p>Une immersion sensorielle riche pour mieux comprendre l\u2019agriculture<\/p>\n<p>Pendant deux jours, le public sera invit\u00e9 \u00e0 explorer diff\u00e9rents angles de l\u2019alimentation et de l\u2019agriculture : d\u2019o\u00f9 viennent les aliments et comment ils sont fabriqu\u00e9s\u00a0; l\u2019impact de la production agricole sur l\u2019environnement et notre quotidien ; la juste r\u00e9mun\u00e9ration des agriculteurs et les nouveaux mod\u00e8les \u00e9conomiques solidaires ; la saisonnalit\u00e9 et ses enjeux pour une alimentation plus responsable.<\/p>\n<p>Ateliers participatifs, d\u00e9monstrations, jeux, quiz, expositions\u2026 Les visiteurs mobiliseront leurs cinq sens pour profiter d\u2019ateliers sensoriels, ludiques et participatifs pour toute la famille\u00a0:<\/p>\n<ul>\n<li><strong>Semer des graines et planter des l\u00e9gumes<\/strong> avec la SEMAE<\/li>\n<li>Participer \u00e0 <strong>un escape game sur la science et l\u2019alimentation<\/strong> avec l\u2019INRAE<\/li>\n<li>Comprendre <strong>la route des aliments<\/strong> aux c\u00f4t\u00e9s de L\u2019EFFET DOPPLER, EVIDENCE SANT\u00c9 et L\u2019AGENCE DE MARIE-LAURE<\/li>\n<li>D\u00e9couvrir <strong>la fabrication des p\u00e2tes<\/strong> depuis les champs de bl\u00e9 dur jusqu\u2019\u00e0 l\u2019assiette avec PANZANI<\/li>\n<li>Pousser les portes d\u2019<strong>une salle de traite grandeur nature<\/strong> puis d\u00e9guster du lait frais avec le CNIEL<\/li>\n<li><strong>Fabriquer du pain<\/strong>, de la transformation du bl\u00e9 en farine \u00e0 la cuisson du pain par KUNDALIM<\/li>\n<li>Profiter d\u2019<strong>ateliers de cuisine par un chef<\/strong> de l\u2019association EURO-TOQUES avec INTERBEV \u00ceLE-DE-FRANCE et LE MARCH\u00c9 INTERNATIONAL DE RUNGIS<\/li>\n<li><strong>Pr\u00e9senter le travail des agriculteurs, celui des meuniers et des commer\u00ad\u00e7ants<\/strong>avec COOP\u00c9RATIVE U<\/li>\n<li>Participer \u00e0 <strong>la fresque du \u00ab Mieux manger local \u00bb<\/strong> avec le projet TERROIR<\/li>\n<li>Interagir avec les repr\u00e9sentants de \u00ab C\u2019EST QUI LE PATRON ?! \u00bb dont le combat porte sur <strong>la juste r\u00e9mun\u00e9ration des agriculteurs<\/strong> qui nous nourrissent<\/li>\n<li><strong>Monter dans un v\u00e9ritable tracteur<\/strong> avec AXEMA<\/li>\n<li>Visiter<strong> une exposition de 150 ans d\u2019agriculture<\/strong> vus par la presse par l\u2019ASSOCIATION CENTRE DE LA PRESSE<\/li>\n<li>S\u2019initier \u00e0 la <strong>viticulture urbaine<\/strong> par le CLOS DES VIGNES DE LUTECE<\/li>\n<li>Conduire des<strong> mini-tracteurs <\/strong>\u00e0 p\u00e9dales dans un circuit d\u00e9di\u00e9 aux plus jeunes<\/li>\n<li>Observer<strong> des moutons <\/strong>encadr\u00e9 par les JEUNES AGRI\u00adCULTEURS D\u2019\u00ceLE-DE-FRANCE<\/li>\n<\/ul>\n<p>En exclusivit\u00e9 : Les visiteurs pourront profiter d\u2019une<strong> rencontre autour du film <\/strong><b>Ollie <\/b>avec Antoine Besse, auteur et r\u00e9alisateur, et l\u2019acteur Th\u00e9o Christine le vendredi 6 \u00e0 partir de 15h30.<\/p>\n<p>La guinguette du brasseur de L.B.F. proposant des rafra\u00eechissements, la s\u00e9lection de livres autour de l\u2019agriculture et de l\u2019alimentation r\u00e9alis\u00e9e par la Librairie Utopia, ainsi que le <strong>concert en plein air<\/strong> assur\u00e9 par le Conservatoire du 5\u1d49 arrondissement (samedi 7 de 16h \u00e0 18h30), contribueront \u00e0 faire de ces journ\u00e9es un v\u00e9ritable moment de partage et de convivialit\u00e9.<\/p>\n<p>Des rencontres p\u00e9dagogiques avec les \u00e9coles du 5\u1d49 arrondissement<\/p>\n<p>Le vendredi 6 juin, les installations accueilleront tout au long de la journ\u00e9e les \u00e9l\u00e8ves des \u00e9coles primaires du 5\u1d49 arrondissement, accompagn\u00e9s de leurs enseignants, pour un parcours p\u00e9dagogique autour de l\u2019agriculture et de l\u2019alimentation.<\/p>\n<p><strong>Gabrielle Halpern<\/strong>, marraine de cette \u00e9dition, proposera \u00e9galement \u00e0 des coll\u00e9giens un format in\u00e9dit : <strong>une conf\u00e9rence agro-philo<\/strong> pour r\u00e9fl\u00e9chir aux enjeux de notre alimentation, le vendredi 6 d\u00e8s 14h30. Il sera anim\u00e9 par Sandrine Doppler, dirigeante de L\u2019EFFET DOPPLER.<\/p>\n<p>\u00a0<\/p>\n","protected":false},"excerpt":{"rendered":"Les Journ\u00e9es Nationales de l\u2019Agriculture\u00a0reviennent du 6 au 9 juin 2025 partout en France, pour c\u00e9l\u00e9brer les savoir-faire&hellip;\n","protected":false},"author":2,"featured_media":155720,"comment_status":"","ping_status":"","sticky":false,"template":"","format":"standard","meta":{"footnotes":""},"categories":[1888],"tags":[11,327,28594,1777,674,2087,1011,27,28595,12,626,2090,28596,25],"class_list":{"0":"post-155719","1":"post","2":"type-post","3":"status-publish","4":"format-standard","5":"has-post-thumbnail","7":"category-paris","8":"tag-actualites","9":"tag-agriculture","10":"tag-arenes-de-lutece","11":"tag-eu","12":"tag-europe","13":"tag-evenement","14":"tag-fr","15":"tag-france","16":"tag-journees-nationales-de-lagriculture","17":"tag-news","18":"tag-paris","19":"tag-paris-5e","20":"tag-paris-5eme","21":"tag-republique-francaise"},"share_on_mastodon":{"url":"https:\/\/pubeurope.com\/@fr\/114634748411136388","error":""},"_links":{"self":[{"href":"https:\/\/www.europesays.com\/fr\/wp-json\/wp\/v2\/posts\/155719","targetHints":{"allow":["GET"]}}],"collection":[{"href":"https:\/\/www.europesays.com\/fr\/wp-json\/wp\/v2\/posts"}],"about":[{"href":"https:\/\/www.europesays.com\/fr\/wp-json\/wp\/v2\/types\/post"}],"author":[{"embeddable":true,"href":"https:\/\/www.europesays.com\/fr\/wp-json\/wp\/v2\/users\/2"}],"replies":[{"embeddable":true,"href":"https:\/\/www.europesays.com\/fr\/wp-json\/wp\/v2\/comments?post=155719"}],"version-history":[{"count":0,"href":"https:\/\/www.europesays.com\/fr\/wp-json\/wp\/v2\/posts\/155719\/revisions"}],"wp:featuredmedia":[{"embeddable":true,"href":"https:\/\/www.europesays.com\/fr\/wp-json\/wp\/v2\/media\/155720"}],"wp:attachment":[{"href":"https:\/\/www.europesays.com\/fr\/wp-json\/wp\/v2\/media?parent=155719"}],"wp:term":[{"taxonomy":"category","embeddable":true,"href":"https:\/\/www.europesays.com\/fr\/wp-json\/wp\/v2\/categories?post=155719"},{"taxonomy":"post_tag","embeddable":true,"href":"https:\/\/www.europesays.com\/fr\/wp-json\/wp\/v2\/tags?post=155719"}],"curies":[{"name":"wp","href":"https:\/\/api.w.org\/{rel}","templated":true}]}}