{"id":15574,"date":"2025-04-10T18:07:13","date_gmt":"2025-04-10T18:07:13","guid":{"rendered":"https:\/\/www.europesays.com\/fr\/15574\/"},"modified":"2025-04-10T18:07:13","modified_gmt":"2025-04-10T18:07:13","slug":"un-texte-pour-restreindre-linscription-aux-listes-electorales-avance-au-congres","status":"publish","type":"post","link":"https:\/\/www.europesays.com\/fr\/15574\/","title":{"rendered":"un texte pour restreindre l&rsquo;inscription aux listes \u00e9lectorales avance au Congr\u00e8s"},"content":{"rendered":"<p class=\"fig-paragraph\">La Chambre am\u00e9ricaine des repr\u00e9sentants a adopt\u00e9 ce jeudi une proposition de loi exigeant une preuve de citoyennet\u00e9 pour l&rsquo;inscription sur les listes \u00e9lectorales ; un cheval de bataille de\u00a0<a href=\"http:\/\/www.lefigaro.fr\/conjoncture\/droits-de-douane-quand-donald-trump-exige-que-les-europeens-achetent-tout-leur-petrole-et-leur-gaz-aux-americains-20250410\" target=\"_blank\" data-fig-type=\"NewsFlash\" rel=\"noopener\" data-gtm-custom-categorie=\"navigation\" data-gtm-custom-action=\"crossclick\" data-gtm-custom-label=\"Contextuel\" data-gtm-event=\"customEventSPE\" data-fig-domain=\"LEFIGARO\">Donald Trump<\/a>\u00a0que des associations d\u00e9noncent comme un obstacle au droit de vote pour des millions d&rsquo;Am\u00e9ricains.<\/p>\n<p class=\"fig-paragraph\">Le texte, intitul\u00e9 \u00abSAVE Act\u00bb, \u00abinterdit aux \u00c9tats d&rsquo;accepter et de traiter une demande d&rsquo;inscription pour voter dans une \u00e9lection f\u00e9d\u00e9rale \u00e0 moins que le requ\u00e9rant ne pr\u00e9sente une preuve par document de citoyennet\u00e9 am\u00e9ricaine\u00bb. La proposition de loi se dirige \u00e0 pr\u00e9sent vers le S\u00e9nat, o\u00f9 malgr\u00e9 la majorit\u00e9 r\u00e9publicaine, il est presque vou\u00e9 \u00e0 l&rsquo;\u00e9chec en raison des r\u00e8gles parlementaires am\u00e9ricaines.<\/p>\n<p>Des contr\u00f4les renforc\u00e9s sur les listes \u00e9lectorales<\/p>\n<p class=\"fig-paragraph\">Seuls les citoyens am\u00e9ricains sont autoris\u00e9s \u00e0 participer aux\u00a0<a href=\"http:\/\/www.lefigaro.fr\/international\/allemagne-que-disent-les-sondages-avant-les-elections-federales-20250217\" target=\"_blank\" data-fig-type=\"NewsFlash\" rel=\"noopener\" data-gtm-custom-categorie=\"navigation\" data-gtm-custom-action=\"crossclick\" data-gtm-custom-label=\"Contextuel\" data-gtm-event=\"customEventSPE\" data-fig-domain=\"LEFIGARO\">\u00e9lections f\u00e9d\u00e9rales<\/a>, mais la pr\u00e9sentation de tels documents n&rsquo;est pas requise pour voter dans tous les \u00c9tats &#8211; certains utilisant d&rsquo;autres m\u00e9thodes pour v\u00e9rifier l&rsquo;identit\u00e9 des \u00e9lecteurs. Donald Trump, qui n&rsquo;a jamais reconnu sa d\u00e9faite \u00e0 l&rsquo;\u00e9lection pr\u00e9sidentielle de 2020, a affirm\u00e9 sans fondement \u00e0 de multiples reprises que les d\u00e9mocrates trichaient aux \u00e9lections en laissant voter des milliers de\u00a0<a href=\"http:\/\/www.lefigaro.fr\/flash-actu\/l-administration-trump-envisage-d-envoyer-des-migrants-dans-la-prison-de-guantanamo-20250129\" target=\"_blank\" data-fig-type=\"NewsFlash\" rel=\"noopener\" data-gtm-custom-categorie=\"navigation\" data-gtm-custom-action=\"crossclick\" data-gtm-custom-label=\"Contextuel\" data-gtm-event=\"customEventSPE\" data-fig-domain=\"LEFIGARO\">migrants sans-papiers<\/a>.<\/p>\n<p class=\"fig-paragraph\">Fin mars, le pr\u00e9sident r\u00e9publicain avait notamment sign\u00e9 un d\u00e9cret ex\u00e9cutif visant \u00e0 imposer aux \u00c9tats am\u00e9ricains des contr\u00f4les renforc\u00e9s sur les listes \u00e9lectorales et \u00e0 restreindre le vote par correspondance. Les d\u00e9mocrates s&rsquo;opposent au \u00abSAVE Act\u00bb car il pose selon eux des obstacles trop importants \u00e0 l&rsquo;inscription sur les listes \u00e9lectorales.<\/p>\n<p>\u00abDe nouveaux obstacles consid\u00e9rables\u00bb<\/p>\n<p class=\"fig-paragraph\">L&rsquo;\u00e9lu Mark Pocan a ainsi r\u00e9sum\u00e9 que les \u00e9lecteurs auraient d\u00e9sormais besoin soit d&rsquo;un passeport, \u00abque plus de la moiti\u00e9 des Am\u00e9ricains ne poss\u00e9dent pas et qui co\u00fbte au moins 130 dollars\u00bb, soit d&rsquo;un certificat de naissance avec le patronyme actuel, \u00abque pr\u00e8s de 70 millions de femmes mari\u00e9es n&rsquo;ont pas\u00bb, soit de documents militaires. Le d\u00e9mocrate a d\u00e9nonc\u00e9 une loi digne selon lui de celles datant de la s\u00e9gr\u00e9gation. Pour la puissante association ACLU de d\u00e9fense des droits civiques, \u00abcette l\u00e9gislation ajoute de nouveaux obstacles consid\u00e9rables \u00e0 l&rsquo;exercice du droit fondamental de voter, sur la base de peurs infond\u00e9es d&rsquo;un vote important de non-citoyens\u00bb.<\/p>\n<p class=\"fig-paragraph\">Selon une \u00e9tude du Centre Brennan pour la justice de l&rsquo;Universit\u00e9 de New York, plus de 21 millions de citoyens am\u00e9ricains n&rsquo;ont pas un acc\u00e8s ais\u00e9 aux documents requis pour s&rsquo;inscrire sur les listes \u00e9lectorales. \u00abLe +SAVE Act+ serait l&rsquo;une des pires lois \u00e9lectorales dans l&rsquo;histoire parlementaire\u00bb des \u00c9tats-Unis, avait d\u00e9nonc\u00e9 en janvier le pr\u00e9sident du Centre Brennan, Michael Waldman.<\/p>\n","protected":false},"excerpt":{"rendered":"La Chambre am\u00e9ricaine des repr\u00e9sentants a adopt\u00e9 ce jeudi une proposition de loi exigeant une preuve de citoyennet\u00e9&hellip;\n","protected":false},"author":2,"featured_media":15575,"comment_status":"","ping_status":"","sticky":false,"template":"","format":"standard","meta":{"footnotes":""},"categories":[1589],"tags":[1111,47,11,1109,1112,75,73,1866,118,1108,107,1106,1107,27,1110,1114,14,420,12,1113,316,1864,1865,1863,308],"class_list":{"0":"post-15574","1":"post","2":"type-post","3":"status-publish","4":"format-standard","5":"has-post-thumbnail","7":"category-etats-unis","8":"tag-actu","9":"tag-actualite","10":"tag-actualites","11":"tag-breves","12":"tag-depeches","13":"tag-donald-trump","14":"tag-etats-unis","15":"tag-etats-unis-damerique","16":"tag-faits-divers","17":"tag-fil","18":"tag-fil-info","19":"tag-flash","20":"tag-flash-actu","21":"tag-france","22":"tag-informations","23":"tag-infos","24":"tag-international","25":"tag-loi","26":"tag-news","27":"tag-nouvelles","28":"tag-politique","29":"tag-united-states","30":"tag-united-states-of-america","31":"tag-us","32":"tag-usa"},"share_on_mastodon":{"url":"https:\/\/pubeurope.com\/@fr\/114315004793669077","error":""},"_links":{"self":[{"href":"https:\/\/www.europesays.com\/fr\/wp-json\/wp\/v2\/posts\/15574","targetHints":{"allow":["GET"]}}],"collection":[{"href":"https:\/\/www.europesays.com\/fr\/wp-json\/wp\/v2\/posts"}],"about":[{"href":"https:\/\/www.europesays.com\/fr\/wp-json\/wp\/v2\/types\/post"}],"author":[{"embeddable":true,"href":"https:\/\/www.europesays.com\/fr\/wp-json\/wp\/v2\/users\/2"}],"replies":[{"embeddable":true,"href":"https:\/\/www.europesays.com\/fr\/wp-json\/wp\/v2\/comments?post=15574"}],"version-history":[{"count":0,"href":"https:\/\/www.europesays.com\/fr\/wp-json\/wp\/v2\/posts\/15574\/revisions"}],"wp:featuredmedia":[{"embeddable":true,"href":"https:\/\/www.europesays.com\/fr\/wp-json\/wp\/v2\/media\/15575"}],"wp:attachment":[{"href":"https:\/\/www.europesays.com\/fr\/wp-json\/wp\/v2\/media?parent=15574"}],"wp:term":[{"taxonomy":"category","embeddable":true,"href":"https:\/\/www.europesays.com\/fr\/wp-json\/wp\/v2\/categories?post=15574"},{"taxonomy":"post_tag","embeddable":true,"href":"https:\/\/www.europesays.com\/fr\/wp-json\/wp\/v2\/tags?post=15574"}],"curies":[{"name":"wp","href":"https:\/\/api.w.org\/{rel}","templated":true}]}}