{"id":155744,"date":"2025-06-06T05:36:19","date_gmt":"2025-06-06T05:36:19","guid":{"rendered":"https:\/\/www.europesays.com\/fr\/155744\/"},"modified":"2025-06-06T05:36:19","modified_gmt":"2025-06-06T05:36:19","slug":"super-xiii-albi-champion-2025-se-separe-de-ses-entraineurs-rugby-a-xiii","status":"publish","type":"post","link":"https:\/\/www.europesays.com\/fr\/155744\/","title":{"rendered":"Super XIII &#8211; Albi, champion 2025, se s\u00e9pare de ses entraineurs &#8211; Rugby \u00e0 XIII"},"content":{"rendered":"<p style=\"text-align: justify;\"><strong>Apr\u00e8s une finale de Coupe de France et un titre de champion de France tant attendu, Albi se s\u00e9pare de son duo d\u2019entraineurs.<\/strong><\/p>\n<p style=\"text-align: justify;\">Joris Canton, entraineur depuis sept ans, et Fabien Denis, \u00e0 ses c\u00f4t\u00e9s depuis quatre, ne seront plus sur le banc d\u2019Albi en Super XIII la saison prochaine. Une information \u00e9tonnante compte tenu de la saison qui vient de s\u2019\u00e9couler. Premier de la phase r\u00e9guli\u00e8re, titre de champion en poche et une finale de Coupe de France perdue un peu plus t\u00f4t dans la saison. Cela n\u2019aura pas suffi au duo d\u2019entraineurs pour conserver leur poste. Une fin de collaboration qui devait \u00eatre act\u00e9e avant ces r\u00e9sultats tant elle semble \u00e9tonnante.<\/p>\n<p style=\"text-align: justify;\">Si on n\u2019en sait pas plus sur l\u2019avenir de Joris Canton, Fabien Denis lui reste au club et int\u00e8gre le staff des U19. La formation albigeoise a jou\u00e9 un r\u00f4le important dans l\u2019obtention des r\u00e9sultats r\u00e9cents, bien agr\u00e9ment\u00e9e de tr\u00e8s grosses recrues fran\u00e7aises et \u00e9trang\u00e8res.<\/p>\n<p style=\"text-align: justify;\">Reste \u00e0 savoir qui prendra les r\u00eanes du champion en titre. Tony Gigot a annonc\u00e9 sa retraite de joueur et vient d\u2019int\u00e9grer le staff de la France U19. Cela pourrait \u00eatre le choix de la stabilit\u00e9 puisqu\u2019il \u00e9tait le garant du jeu d\u2019Albi. \u00c0 moins qu\u2019un certain Sylvain Houles soit lass\u00e9 de la vie en Championship et choisisse le champion et ses sheep.<\/p>\n<blockquote class=\"instagram-media\" data-instgrm-captioned=\"\" data-instgrm-permalink=\"https:\/\/www.instagram.com\/p\/DKbivYYNsBS\/?utm_source=ig_embed&amp;utm_campaign=loading\" data-instgrm-version=\"14\" style=\" background:#FFF; border:0; border-radius:3px; box-shadow:0 0 1px 0 rgba(0,0,0,0.5),0 1px 10px 0 rgba(0,0,0,0.15); margin: 1px; max-width:500px; min-width:326px; padding:0; width:99.375%; width:-webkit-calc(100% - 2px); width:calc(100% - 2px);\">\n<\/blockquote>\n<blockquote class=\"instagram-media\" data-instgrm-captioned=\"\" data-instgrm-permalink=\"https:\/\/www.instagram.com\/p\/DKbiwixtsr6\/?utm_source=ig_embed&amp;utm_campaign=loading\" data-instgrm-version=\"14\" style=\" background:#FFF; border:0; border-radius:3px; box-shadow:0 0 1px 0 rgba(0,0,0,0.5),0 1px 10px 0 rgba(0,0,0,0.15); margin: 1px; max-width:500px; min-width:326px; padding:0; width:99.375%; width:-webkit-calc(100% - 2px); width:calc(100% - 2px);\">\n<\/blockquote>\n<p><strong>Treize Mondial<br \/><a href=\"https:\/\/www.facebook.com\/13Mondial\" target=\"_blank\" rel=\"noopener noreferrer nofollow\"><img loading=\"lazy\" decoding=\"async\" class=\"alignnone wp-image-2909\" src=\"http:\/\/dicodusport.fr\/blog\/wp-content\/uploads\/2017\/07\/logo-facebook-150x150.png\" alt=\"\" width=\"40\" height=\"40\"\/><\/a><a href=\"https:\/\/twitter.com\/XIIIMondial\" target=\"_blank\" rel=\"noopener noreferrer nofollow\"><img loading=\"lazy\" decoding=\"async\" class=\"alignnone wp-image-2908\" src=\"http:\/\/dicodusport.fr\/blog\/wp-content\/uploads\/2017\/07\/logo-twitter-150x150.png\" alt=\"\" width=\"39\" height=\"39\"\/><\/a><\/strong><\/p>\n<p>        <script async src=\"https:\/\/platform.twitter.com\/widgets.js\" charset=\"utf-8\"><\/script><script async src=\"\/\/www.instagram.com\/embed.js\"><\/script><\/p>\n","protected":false},"excerpt":{"rendered":"Apr\u00e8s une finale de Coupe de France et un titre de champion de France tant attendu, Albi se&hellip;\n","protected":false},"author":2,"featured_media":155745,"comment_status":"","ping_status":"","sticky":false,"template":"","format":"standard","meta":{"footnotes":""},"categories":[1416],"tags":[28597,28598,1011,27,28599,479,2228,1468,2229,60],"class_list":{"0":"post-155744","1":"post","2":"type-post","3":"status-publish","4":"format-standard","5":"has-post-thumbnail","7":"category-rugby","8":"tag-albi-xiii","9":"tag-fabien-denis","10":"tag-fr","11":"tag-france","12":"tag-joris-canton","13":"tag-rugby","14":"tag-rugby-a-xiii","15":"tag-rugby-football","16":"tag-rugby-league","17":"tag-sports"},"share_on_mastodon":{"url":"https:\/\/pubeurope.com\/@fr\/114634803505539646","error":""},"_links":{"self":[{"href":"https:\/\/www.europesays.com\/fr\/wp-json\/wp\/v2\/posts\/155744","targetHints":{"allow":["GET"]}}],"collection":[{"href":"https:\/\/www.europesays.com\/fr\/wp-json\/wp\/v2\/posts"}],"about":[{"href":"https:\/\/www.europesays.com\/fr\/wp-json\/wp\/v2\/types\/post"}],"author":[{"embeddable":true,"href":"https:\/\/www.europesays.com\/fr\/wp-json\/wp\/v2\/users\/2"}],"replies":[{"embeddable":true,"href":"https:\/\/www.europesays.com\/fr\/wp-json\/wp\/v2\/comments?post=155744"}],"version-history":[{"count":0,"href":"https:\/\/www.europesays.com\/fr\/wp-json\/wp\/v2\/posts\/155744\/revisions"}],"wp:featuredmedia":[{"embeddable":true,"href":"https:\/\/www.europesays.com\/fr\/wp-json\/wp\/v2\/media\/155745"}],"wp:attachment":[{"href":"https:\/\/www.europesays.com\/fr\/wp-json\/wp\/v2\/media?parent=155744"}],"wp:term":[{"taxonomy":"category","embeddable":true,"href":"https:\/\/www.europesays.com\/fr\/wp-json\/wp\/v2\/categories?post=155744"},{"taxonomy":"post_tag","embeddable":true,"href":"https:\/\/www.europesays.com\/fr\/wp-json\/wp\/v2\/tags?post=155744"}],"curies":[{"name":"wp","href":"https:\/\/api.w.org\/{rel}","templated":true}]}}