{"id":155762,"date":"2025-06-06T05:46:10","date_gmt":"2025-06-06T05:46:10","guid":{"rendered":"https:\/\/www.europesays.com\/fr\/155762\/"},"modified":"2025-06-06T05:46:10","modified_gmt":"2025-06-06T05:46:10","slug":"emissions-programmes-a-quoi-va-ressembler-la-nouvelle-chaine","status":"publish","type":"post","link":"https:\/\/www.europesays.com\/fr\/155762\/","title":{"rendered":"\u00e9missions, programmes\u2026 \u00e0 quoi va ressembler la nouvelle cha\u00eene"},"content":{"rendered":"<p>        <img decoding=\"async\" loading=\"lazy\" src=\"https:\/\/www.europesays.com\/fr\/wp-content\/uploads\/2025\/06\/3e165d7_1658681467737-5c93796d240000350005c3ea.jpeg\"  width=\"728\" height=\"484\" alt=\"Laurent Ruquier est le visage le plus connu de la nouvelle cha\u00eene T18.\"\/>  <\/p>\n<p>AFP<\/p>\n<p>Laurent Ruquier est le visage le plus connu de la nouvelle cha\u00eene T18.<\/p>\n<p>      <strong>EN BREF<\/strong> <strong>\u2022 <\/strong>T18, nouvelle cha\u00eene du groupe CMI, remplace Gulli sur le canal 18 de la TNT.<br \/><strong>\u2022 <\/strong>La cha\u00eene du milliardaire Daniel Kretinsky mise sur des programmes g\u00e9n\u00e9ralistes ax\u00e9s sur le documentaire, le divertissement et l\u2019information.<br \/><strong>\u2022 <\/strong>Laurent Ruquier, Matthieu Croissandeau et Ava Djamshidi animeront les trois principales \u00e9missions de la cha\u00eene.                         <\/p>\n<p class=\"asset asset-text\">T\u00c9L\u00c9VISION &#8211; Bye-bye Gulli (qui passe sur la 12), bonjour T18. La <a href=\"https:\/\/www.huffingtonpost.fr\/medias\/article\/fin-de-c8-on-sait-quelle-chaine-va-remplacer-tpmp-et-cyril-hanouna-et-le-ton-va-changer_244765.html\" target=\"_blank\" rel=\"noopener\">num\u00e9rotation des cha\u00eenes de la t\u00e9l\u00e9vision num\u00e9rique terrestre<\/a> (TNT) a chang\u00e9 dans la nuit du 5\u00a0au 6\u00a0juin apr\u00e8s la d\u00e9cision de l\u2019Arcom qui n\u2019avait pas reconduit les fr\u00e9quences de <a href=\"https:\/\/www.huffingtonpost.fr\/justice\/article\/cette-amende-infligee-a-cyril-hanouna-et-c8-jugee-excessive-diminuee-de-moitie_249701.html\" target=\"_blank\" rel=\"noopener\">C8<\/a>\u00a0et NRJ12. Les t\u00e9l\u00e9spectateurs vont devoir non seulement prendre de nouvelles habitudes, mais \u00e9galement se familiariser avec de nouvelles cha\u00eenes. En attendant NOVO19 en septembre, T18\u00a0fait son apparition sur le canal 18\u00a0ce vendredi en d\u00e9but de soir\u00e9e.<\/p>\n<p class=\"asset asset-text\">Cette cha\u00eene appartient au groupe\u00a0Czech Media Invest (CMI) dont l\u2019actionnaire principal est le milliardaire tch\u00e8que\u00a0Daniel Kretinsky. Un groupe qui d\u00e9tient d\u00e9j\u00e0 plusieurs titres de presse comme Elle, Marianne ou T\u00e9l\u00e9 7\u00a0jours. T18\u00a0se placera dans une posture de cha\u00eene \u00ab\u00a0g\u00e9n\u00e9raliste\u00a0\u00bb. Mais avec quels programmes, quels visages\u00a0? On fait le point.<\/p>\n<p class=\"asset asset-text\">Comme l\u2019a pr\u00e9cis\u00e9 \u00e0 l\u2019AFP le directeur g\u00e9n\u00e9ral de T18\u00a0Christopher Baldelli, la cha\u00eene a vocation \u00e0 \u00ab\u00a0offrir une t\u00e9l\u00e9vision qui \u00e9l\u00e8ve plut\u00f4t et donne \u00e0 r\u00e9fl\u00e9chir. Pour autant, nous voulons qu\u2019elle soit accessible \u00e0 tous, p\u00e9dagogique et surtout pas une cha\u00eene \u00e9litiste.\u00a0\u00bb<\/p>\n<p class=\"asset asset-text\">Concr\u00e8tement, T18\u00a0va concentrer ses programmes autour de trois grandes th\u00e9matiques. La premi\u00e8re, et la plus importante, est le documentaire. \u00ab\u00a0La place du documentaire y sera beaucoup plus importante que sur la plupart des cha\u00eenes, avec plus de 3\u00a0000\u00a0heures par an\u00a0\u00bb avance Christopher Baldelli. Toutes les th\u00e9matiques seront abord\u00e9es, de la politique \u00e0 la science en passant par l\u2019histoire et la culture.<\/p>\n<p>    Ruquier, Croissandeau, Djamshidi, les visages de T18    <\/p>\n<p class=\"asset asset-text\">Autre sujet qui occupera de la place \u00e0 l\u2019antenne de T18\u00a0: le divertissement. La cha\u00eene promet t\u00e9l\u00e9spectateurs \u00ab\u00a025 spectacles vivants par an et autant de films d\u2019art et essai\u00a0\u00bb. Elle diffusera \u00e9galement des films plus grand public et des s\u00e9ries.<\/p>\n<p class=\"asset asset-text\">Enfin, la nouvelle cha\u00eene laissera de la place \u00e0 l\u2019information et au d\u00e9bat. Pour ce faire, elle s\u2019appuiera sur trois visages. Laurent Ruquier sera aux commandes de\u00a0Chez Ruquier, \u00e0 partir du 14\u00a0juin chaque samedi \u00e0 20\u00a0heures. Une \u00e9mission culturelle dans laquelle il recevra des invit\u00e9s en plateau.<\/p>\n<p>                          <img decoding=\"async\" loading=\"lazy\" src=\"https:\/\/www.europesays.com\/fr\/wp-content\/uploads\/2025\/06\/63876a3_sirius-fs-upload-1-ilsrauu3cizc-1749025565326-xi-hl-staff-t180063-editsite-vs2-99.jpg\"  width=\"728\" height=\"409\" alt=\"Matthieu Croissandeau, Laurent Ruquier et Ava Djamshidi sont les visages de T18\"\/>  <\/p>\n<p>Xavier Imbert<\/p>\n<p>Matthieu Croissandeau, Laurent Ruquier et Ava Djamshidi sont les visages de T18<\/p>\n<p class=\"asset asset-text\">Chaque soir \u00e0 22h30, les t\u00e9l\u00e9spectateurs pourront retrouver l\u2019ancien journaliste de BFMTV Matthieu Croissandeau pour l\u2019\u00e9mission de d\u00e9bat d\u2019actualit\u00e9 Pour tout vous dire. Enfin, tous les lundis soir \u00e0 partir du 9\u00a0juin, la cha\u00eene diffusera\u00a0[En]qu\u00eate de sens, un documentaire suivi d\u2019un \u00e9change en plateau sur le m\u00eame th\u00e8me orchestr\u00e9 par la r\u00e9dactrice en chef du magazine Elle, Ava Djamshidi. La premi\u00e8re soir\u00e9e sera d\u00e9di\u00e9e \u00e0 la charge mentale.<\/p>\n<p class=\"asset asset-text\">T18\u00a0sera officiellement lanc\u00e9e ce 6\u00a0juin \u00e0 19h45\u00a0avec une \u00e9mission sp\u00e9ciale intitul\u00e9e\u00a0T18, c\u2019est maintenant\u00a0!. Elle sera justement anim\u00e9e par ces trois visages de la cha\u00eene\u00a0: Laurent Ruquier, Ava Djamshidi et Matthieu Croissandeau. La cha\u00eene diffusera ensuite film\u00a0Yves Saint-Laurent\u00a0avec Pierre Niney. Enfin \u00e0 22h30, les t\u00e9l\u00e9spectateurs pourront d\u00e9couvrir la toute premi\u00e8re \u00e9mission de la quotidienne\u00a0Pour tout dire.<\/p>\n<p>    Une cha\u00eene \u00ab\u00a0accessible\u00a0\u00e0 tous\u00a0\u00bb    <\/p>\n<p class=\"asset asset-text\">Lors d\u2019une interview avec <a href=\"https:\/\/www.bfmtv.com\/economie\/replay-emissions\/hebdo-com\/t18-le-pari-audiovisuel-de-daniel-kretinsky_VN-202505300447.html\" target=\"_blank\" rel=\"noopener\" title=\"Nouvelle fen\u00eatre\">BFM Business<\/a>, Christopher Baldelli a pr\u00e9cis\u00e9 que la \u00ab\u00a0signature\u00a0\u00bb de la cha\u00eene serait \u00ab\u00a0T18, la t\u00e9l\u00e9vision qui s\u2019amuse \u00e0 r\u00e9fl\u00e9chir\u00a0\u00bb expliquant avoir une volont\u00e9 \u00e9ditoriale qui passe notamment par le fait de ne pas faire de t\u00e9l\u00e9-r\u00e9alit\u00e9, tout en \u00e9tant \u00ab\u00a0accessible \u00e0 tous les Fran\u00e7ais\u00a0\u00bb et pr\u00e9voir ainsi une programmation vari\u00e9e.<\/p>\n<p class=\"asset asset-text\">Ainsi \u00e0 titre d\u2019exemple pour sa premi\u00e8re semaine, T18\u00a0diffusera en soir\u00e9e la pi\u00e8ce Rams\u00e8s II avec Fran\u00e7ois Berl\u00e9and le samedi\u00a07, le film oscaris\u00e9 Everything Everywhere All at Once le dimanche\u00a08, le documentaire Bonaparte, la campagne d\u2019\u00c9gypte le mardi 10\u00a0juin ou encore la s\u00e9rie La loi de Barbara avec Josiane Balasko le mercredi 11\u00a0juin.<\/p>\n<p class=\"asset asset-text\">La journ\u00e9e, la cha\u00eene rediffusera des \u00e9missions vari\u00e9es\u00a0: sur les animaux (Chiens et Chats), l\u2019\u00e9cologie (Echos-Logis), la d\u00e9coration (T D\u00e9co), les faits divers (Indices), mais aussi des rediffusions de ses programmes maison.<\/p>\n<p class=\"asset asset-text\">Des nouvelles cha\u00eenes \u00e0 avoir obtenu de l\u2019Arcom leur fr\u00e9quence, T18\u00a0est la premi\u00e8re que les t\u00e9l\u00e9spectateurs pourront d\u00e9couvrir. En effet, NOVO19, la cha\u00eene du groupe Ouest France, qui aura notamment comme t\u00eate d\u2019affiche Claude Askolovitch et Claire Arnoux, ne sera lanc\u00e9e que le 1er\u00a0septembre prochain sur le canal 19.<\/p>\n","protected":false},"excerpt":{"rendered":"AFP Laurent Ruquier est le visage le plus connu de la nouvelle cha\u00eene T18. EN BREF \u2022 T18,&hellip;\n","protected":false},"author":2,"featured_media":155763,"comment_status":"","ping_status":"","sticky":false,"template":"","format":"standard","meta":{"footnotes":""},"categories":[1356],"tags":[251,58,59,1011,27,1759,500,252,3171,1364],"class_list":{"0":"post-155762","1":"post","2":"type-post","3":"status-publish","4":"format-standard","5":"has-post-thumbnail","7":"category-television","8":"tag-culture","9":"tag-divertissement","10":"tag-entertainment","11":"tag-fr","12":"tag-france","13":"tag-laurent-ruquier","14":"tag-medias","15":"tag-television","16":"tag-tnt","17":"tag-tv"},"share_on_mastodon":{"url":"https:\/\/pubeurope.com\/@fr\/114634843075185747","error":""},"_links":{"self":[{"href":"https:\/\/www.europesays.com\/fr\/wp-json\/wp\/v2\/posts\/155762","targetHints":{"allow":["GET"]}}],"collection":[{"href":"https:\/\/www.europesays.com\/fr\/wp-json\/wp\/v2\/posts"}],"about":[{"href":"https:\/\/www.europesays.com\/fr\/wp-json\/wp\/v2\/types\/post"}],"author":[{"embeddable":true,"href":"https:\/\/www.europesays.com\/fr\/wp-json\/wp\/v2\/users\/2"}],"replies":[{"embeddable":true,"href":"https:\/\/www.europesays.com\/fr\/wp-json\/wp\/v2\/comments?post=155762"}],"version-history":[{"count":0,"href":"https:\/\/www.europesays.com\/fr\/wp-json\/wp\/v2\/posts\/155762\/revisions"}],"wp:featuredmedia":[{"embeddable":true,"href":"https:\/\/www.europesays.com\/fr\/wp-json\/wp\/v2\/media\/155763"}],"wp:attachment":[{"href":"https:\/\/www.europesays.com\/fr\/wp-json\/wp\/v2\/media?parent=155762"}],"wp:term":[{"taxonomy":"category","embeddable":true,"href":"https:\/\/www.europesays.com\/fr\/wp-json\/wp\/v2\/categories?post=155762"},{"taxonomy":"post_tag","embeddable":true,"href":"https:\/\/www.europesays.com\/fr\/wp-json\/wp\/v2\/tags?post=155762"}],"curies":[{"name":"wp","href":"https:\/\/api.w.org\/{rel}","templated":true}]}}